{"id":13913,"date":"2021-01-14T02:29:49","date_gmt":"2021-01-14T01:29:49","guid":{"rendered":"http:\/\/www.studiogera.de\/001\/?p=13913"},"modified":"2021-01-14T02:29:51","modified_gmt":"2021-01-14T01:29:51","slug":"bilanz-und-ausblick-der-geraer-volkshochschule","status":"publish","type":"post","link":"https:\/\/www.studiogera.de\/001\/2021\/01\/14\/bilanz-und-ausblick-der-geraer-volkshochschule\/","title":{"rendered":"BILANZ UND AUSBLICK DER GERAER VOLKSHOCHSCHULE"},"content":{"rendered":"\n<p>Die Mitarbeiterinnen der Geraer Volkshochschule \u201eAenne Biermann\u201c blicken auf ein herausforderndes Bildungsjahr 2020 zur\u00fcck. Das Fr\u00fchjahrssemester begann kursreich und sehr gute Belegungszahlen versprachen ein aussichtsreiches Jahr. Durch den Lockdown im M\u00e4rz musste die Volkshochschule ihre T\u00fcren schlie\u00dfen. Ungewisse Monate lagen nun vor der Bildungseinrichtung. \u201eDie Zeit wurde genutzt, um Hygiene- und Raumkonzepte zu erstellen und einen Unterricht nach den Lockerungen perspektivisch wieder m\u00f6glich zu machen. In diese Zeit fiel auch die Verabschiedung des Schulleiters Matthias Schenk, welcher sieben Jahre die Geschicke der Volkshochschule leitete. Im Juni startete ich dann als Leiterin voller Tatendrang und Zuversicht und freute mich auf die neue Aufgabe\u201c, erinnert sich die Direktorin der Geraer Volkshochschule, Petra Meyenberg.<\/p>\n\n\n\n<p>Derzeit unterrichten 120 Dozentinnen und Dozenten an der Geraer Volkshochschule. Die Umsetzung der Digitalisierungsstrategie sah eine Bildungsoffensive f\u00fcr Kursleitende vor, welche im Juli begann. Denn die Corona-Beschr\u00e4nkungen haben einmal mehr gezeigt, wie unverzichtbar die Digitalisierung im Bildungsbereich ist. Es entstand ein Schulungsplan, der sowohl Grundlagen schafft, \u00fcber rechtliche Aspekte aufkl\u00e4rt, als auch konkrete Fragen zu Online-Lehrformaten beantwortet. Meyenberg bewertet die Umsetzung des Plans als erfolgreich: \u201eKursleitende wurden in der Schulungsreihe an die Gestaltung von Online-Seminaren herangef\u00fchrt und gewannen Sicherheit bei der technischen Durchf\u00fchrung mit der vhs.cloud. Weiterhin konnte gezielt am Erwerb der digitalen Grundlagenkompetenz gearbeitet werden und auch die Teilnahme an Digital-Sprechstunden war m\u00f6glich. Es gelang, Dozenten f\u00fcr die Online-Lehre zu begeistern und alternative Angebote zu schaffen.\u201c Die Schulung der Lehrkr\u00e4fte bildete die Grundlage, bevor noch bis zum Ende des Jahres die n\u00e4chsten Schritte, beispielsweise die umfangreiche Ausstattung des Hauses mit Medientechnik und die geplante Datenvernetzung f\u00fcr 2021 erfolgen. F\u00fcr die Datenvernetzung wurden mehrere F\u00f6rderantr\u00e4ge gestellt, welche voraussichtlich die Finanzierung im Jahr 2021 sichern werden.<\/p>\n\n\n\n<p>Ein weiteres Aufgabenfeld der GVHS ist die Umsetzung der erarbeiteten Inklusionsstrategie. Bis Ende 2020 erfolgt eine gesetzeskonforme Umstellung der Homepage auf ein barrierefreies Format. Die Planungen f\u00fcr einen Personenaufzug sind weitestgehend abgeschlossen. Der Einbau wird f\u00fcr Sommer 2021 anvisiert. Die Konzeption f\u00fcr das Jahr 2021 sieht zudem die Entwicklung eines Inklusiven Programmheftes vor. Dieses solle erstmalig im Fr\u00fchjahrssemester 2022 erscheinen. Diese Ma\u00dfnahmen w\u00fcrden es zuk\u00fcnftig erm\u00f6glichen, Menschen mit Behinderung einen verbesserten Zugang zu dem vielf\u00e4ltigen Kursangebot der VHS zu bieten, so Meyenberg.<\/p>\n\n\n\n<p>Im Jahr 2020 fanden, beeintr\u00e4chtigt durch die Corona-Verordnungen und den damit verbundenen Kursabbr\u00fcchen und Kursunterbrechungen, 323 Kurse in 5650 Unterrichtsstunden statt. Insgesamt besuchten 3154 Teilnehmer die Kurse. Dies entsprach zehn Teilnehmern pro Kursus und spiegelt die coronabedingte Anpassung der Teilnehmerzahlen an die Raumgr\u00f6\u00dfen wieder. Im Vergleich zum Vorjahr ist ein R\u00fcckgang bei den Teilnehmerzahlen um 28 %, und bei den Unterrichtsstunden um 40 % zu verzeichnen. Der Fachbereich \u201eComputer und Beruf\u201c erfuhr in diesem Jahr einen gro\u00dfen Zuspruch. Themenfelder von Smartphone \u00fcber Internet bis Computerkurse waren st\u00e4rker gefragt, als je zuvor. Wohingegen Online-Kurse wie zum Beispiel \u201eSpanisch f\u00fcr Anf\u00e4nger\u201c oder \u201eSmart Demogracy\u201c nur wenig genutzt wurden. Gleichwohl blicken die Mitarbeiterinnen zuversichtlich in ein bildungsreiches Jahr 2021. Am 1. Februar 2021 wird das neue Programmheft der Geraer Volkshochschule \u201eAenne Biermann\u201c erscheinen. Der Termin ist traditionell auch der Beginn f\u00fcr die Einschreibung, bevor am 22. Februar 2021 das Fr\u00fchjahrssemester beginnt.<\/p>\n\n\n\n<p>Zwar sind derzeit alle Kurse der Geraer Volkshochschule (GVHS) unterbrochen, doch ist die Bildungseinrichtung seit Dezember Schatzpatin des Integrationsschatzes \u201eSprache\u201c, der ein Teil der Geotour \u201eIntegrationssch\u00e4tze\u201c ist. \u201eDie Geraer Volkshochschule bietet Menschen aller Nationalit\u00e4ten ein vielf\u00e4ltiges Sprachangebot. Zugewanderten stehen zum Erlernen der Landessprache verschiedene Angebote wie Integrationskurse, berufliche Deutschf\u00f6rderung und offene Deutschkurse f\u00fcr alle zur Verf\u00fcgung. Jede und jeder ist eingeladen, Fremdsprachen zu lernen und kulturelle Hintergr\u00fcnde besser zu begreifen. An der GVHS kann man zehn Sprachen in Pr\u00e4senz und teils im Online-Format erlernen, sie steht damit stellvertretend f\u00fcr zahlreiche Sprachangebote und Sprachprojekte in ganz Th\u00fcringen\u201c, fasst die Direktorin der GVHS, Petra Meyenberg zusammen und erkl\u00e4rt die Entscheidung f\u00fcr den Standort Gera. Th\u00fcringen ist voller Sch\u00e4tze der Integration. Manchmal finden sie sich in gro\u00dfen Projekten, manchmal muss man genauer hinschauen. Mit der GeoTour \u201eTh\u00fcringer Integrationssch\u00e4tze\u201c l\u00e4dt die Beauftragte f\u00fcr Integration, Migration und Fl\u00fcchtlinge in Kooperation mit der Geraer Volkshochschule und f\u00fcnf weiteren Partnern zu einer au\u00dfergew\u00f6hnlichen Schatzsuche ein.<\/p>\n\n\n\n<p><strong>Was ist Geocaching?<\/strong><br>Geocaching ist eine seit dem Jahre 2000 rasant wachsende Freizeitgestaltung. Deutschlandweit spielen es circa eine Million Menschen, allein in Th\u00fcringen sind es rund 25&#8217;000. Der Grundgedanke ist, dass \u00bbkleine Sch\u00e4tze\u00ab, auch Geocaches genannt, gefunden werden. Die Geo-Koordinaten werden \u00fcber eine Online-Plattform aufgerufen und die Suche nach dem Schatz kann beginnen (siehe \u201ehttps:\/\/www.geocaching.com\u201c). In einem Logbuch, das dem Schatz beigelegt ist, k\u00f6nnen sich alle, die den Schatz gefunden haben namentlich verewigen.<\/p>\n\n\n\n<p><strong>Wie funktioniert die Geotour \u201eTh\u00fcringer Integrationssch\u00e4tze\u201c?<\/strong><br>Die Geotour \u201eTh\u00fcringer Integrationssch\u00e4tze\u201c besteht aus sechs Caches, die alle unter dem Motto \u201eIntegration in Th\u00fcringen \u2013 ein Gewinn f\u00fcr alle!\u201c stehen. Neben Gera sind Sch\u00e4tze in Eisenach, Nordhausen, Weimar, Erfurt und Meiningen versteckt. Um diese Integrationssch\u00e4tze bergen zu k\u00f6nnen, sind Kreativit\u00e4t und Einsatz gefragt. Die sechs einzelnen Caches k\u00f6nnen unabh\u00e4ngig voneinander gesucht werden. Reihenfolge und Zeitraum der Suche sind frei w\u00e4hlbar. In jedem Schatz befinden sich Buttons, auf denen ein Buchstabe oder eine Zahl zu finden ist. Wenn Sie alle sechs Buttons und damit alle Zeichen gesammelt haben, k\u00f6nnen Sie einen Trackingcode bilden und bekommen damit einen virtuellen Geo-Coin. Diese k\u00f6nnen Sie auf eine virtuelle Reise um die Welt schicken.<\/p>\n\n\n\n<p><strong>Was braucht man als Schatzsucher?<\/strong><br>Sie ben\u00f6tigen nur ein Smartphone oder GPS-Ger\u00e4t (kostenlose App f\u00fcr iOS \u00bbgeocaching\u00ab und f\u00fcr android \u00bbc:geo\u00ab). Die Geo-Daten der Caches sowie Hinweise zu \u201eSpezialutensilien\u201c, die f\u00fcr die Suche erforderlich sind, sind zu finden in der Brosch\u00fcre unter folgender Adresse:<\/p>\n\n\n\n<p><a href=\"https:\/\/www.thueringen.de\/mam\/th10\/ab\/geotour_broschuredigitalneu.pdf bzw. auf www.geocaching.com\">https:\/\/www.thueringen.de\/mam\/th10\/ab\/geotour_broschuredigitalneu.pdf bzw. auf www.geocaching.com<\/a><\/p>\n\n\n\n<p>Die Ger\u00e4te zeigen den Standort nicht punktgenau an. Es lohnt sich, den Blick schweifen zu lassen und sich auf die eigenen Augen zu verlassen.<\/p>\n\n\n\n<p><a href=\"https:\/\/www.volkshochschule-gera.de\/news-artikel\/geotour-thueringer-integrationsschaetze\/?Fsize=854&amp;cHash=1beda089dd5a4661d3acfe5da4cfb5fc\">https:\/\/www.volkshochschule-gera.de\/news-artikel\/geotour-thueringer-integrationsschaetze\/?Fsize=854&amp;cHash=1beda089dd5a4661d3acfe5da4cfb5fc<\/a><\/p>\n\n\n\n<p><a href=\"https:\/\/www.thueringen.de\/mam\/th10\/ab\/geotour_broschuredigitalneu.pdf\">https:\/\/www.thueringen.de\/mam\/th10\/ab\/geotour_broschuredigitalneu.pdf<\/a><\/p>\n\n\n\n<p>QUELLE: STADTVERWALTUNG<\/p>\n","protected":false},"excerpt":{"rendered":"<div class=\"mh-excerpt\"><p>Die Mitarbeiterinnen der Geraer Volkshochschule \u201eAenne Biermann\u201c blicken auf ein herausforderndes Bildungsjahr 2020 zur\u00fcck. Das Fr\u00fchjahrssemester begann kursreich und sehr gute Belegungszahlen versprachen ein aussichtsreiches Jahr. Durch den Lockdown im M\u00e4rz musste die Volkshochschule ihre <a class=\"mh-excerpt-more\" href=\"https:\/\/www.studiogera.de\/001\/2021\/01\/14\/bilanz-und-ausblick-der-geraer-volkshochschule\/\" title=\"BILANZ UND AUSBLICK DER GERAER VOLKSHOCHSCHULE\">[&#8230;]<\/a><\/p>\n<\/div>","protected":false},"author":2,"featured_media":13014,"comment_status":"open","ping_status":"open","sticky":false,"template":"","format":"standard","meta":{"footnotes":""},"categories":[3],"tags":[],"class_list":{"0":"post-13913","1":"post","2":"type-post","3":"status-publish","4":"format-standard","5":"has-post-thumbnail","7":"category-lokal"},"_links":{"self":[{"href":"https:\/\/www.studiogera.de\/001\/wp-json\/wp\/v2\/posts\/13913","targetHints":{"allow":["GET"]}}],"collection":[{"href":"https:\/\/www.studiogera.de\/001\/wp-json\/wp\/v2\/posts"}],"about":[{"href":"https:\/\/www.studiogera.de\/001\/wp-json\/wp\/v2\/types\/post"}],"author":[{"embeddable":true,"href":"https:\/\/www.studiogera.de\/001\/wp-json\/wp\/v2\/users\/2"}],"replies":[{"embeddable":true,"href":"https:\/\/www.studiogera.de\/001\/wp-json\/wp\/v2\/comments?post=13913"}],"version-history":[{"count":1,"href":"https:\/\/www.studiogera.de\/001\/wp-json\/wp\/v2\/posts\/13913\/revisions"}],"predecessor-version":[{"id":13914,"href":"https:\/\/www.studiogera.de\/001\/wp-json\/wp\/v2\/posts\/13913\/revisions\/13914"}],"wp:featuredmedia":[{"embeddable":true,"href":"https:\/\/www.studiogera.de\/001\/wp-json\/wp\/v2\/media\/13014"}],"wp:attachment":[{"href":"https:\/\/www.studiogera.de\/001\/wp-json\/wp\/v2\/media?parent=13913"}],"wp:term":[{"taxonomy":"category","embeddable":true,"href":"https:\/\/www.studiogera.de\/001\/wp-json\/wp\/v2\/categories?post=13913"},{"taxonomy":"post_tag","embeddable":true,"href":"https:\/\/www.studiogera.de\/001\/wp-json\/wp\/v2\/tags?post=13913"}],"curies":[{"name":"wp","href":"https:\/\/api.w.org\/{rel}","templated":true}]}}