{"id":13933,"date":"2021-01-15T15:19:13","date_gmt":"2021-01-15T14:19:13","guid":{"rendered":"http:\/\/www.studiogera.de\/001\/?p=13933"},"modified":"2021-01-15T15:19:14","modified_gmt":"2021-01-15T14:19:14","slug":"stundung-von-gewerbesteuern-moeglich","status":"publish","type":"post","link":"https:\/\/www.studiogera.de\/001\/2021\/01\/15\/stundung-von-gewerbesteuern-moeglich\/","title":{"rendered":"STUNDUNG VON GEWERBESTEUERN M\u00d6GLICH"},"content":{"rendered":"\n<p>In der Stadt Gera befinden sich aufgrund der Corona-Beschr\u00e4nkungen besonders kleine und mittlere Unternehmen in einer schwierigen wirtschaftlichen Situation, und zwar auch mit Blick auf die Sicherung ihrer Liquidit\u00e4t oder ihres Fortbestandes. Um die negativen Folgen der von den Corona-Ma\u00dfnahmen unmittelbar und nicht unerheblich betroffenen Unternehmen im Stadtgebiet abzufedern, verl\u00e4ngert die Stadt Gera die M\u00f6glichkeiten zur Stundung der Gewerbesteuerzahlungen.<\/p>\n\n\n\n<p>Als unmittelbar und nicht unerheblich Betroffene gelten insbesondere Gewerbebetriebe, bei denen aufgrund beh\u00f6rdlicher Anordnung die Betriebsst\u00e4tten geschlossen sind. Die betroffenen Steuerpflichtigen k\u00f6nnen bis zum 31. M\u00e4rz 2021 unter Darlegung ihrer Verh\u00e4ltnisse Antr\u00e4ge auf Stundung der bis zum 31. M\u00e4rz 2021 f\u00e4lligen Steuern stellen. Die Stundungen sind l\u00e4ngstens bis zum 30. Juni 2021 zu gew\u00e4hren. \u00dcber den 30. Juni 2021 hinaus k\u00f6nnen Anschlussstundungen f\u00fcr die bis zum 31. M\u00e4rz 2021 f\u00e4lligen Steuern im Zusammenhang mit einer angemessenen, l\u00e4ngstens bis zum 31. Dezember 2021 dauernden Ratenzahlungsvereinbarung gew\u00e4hrt werden.<\/p>\n\n\n\n<p>Bei der Nachpr\u00fcfung der Voraussetzungen f\u00fcr Stundungen werden keine strengen Anforderungen gestellt. Es gibt hierzu ein Antragsformular, welches von betroffenen Unternehmen auszuf\u00fcllen und einzureichen ist. Dieses ist zu finden auf der Corona-Webseite der Stadtverwaltung unter folgender Adresse:<\/p>\n\n\n\n<p><a href=\"https:\/\/unser.gera.de\/corona\/wirtschaft\/\">https:\/\/unser.gera.de\/corona\/wirtschaft\/<\/a><\/p>\n\n\n\n<p>F\u00fcr R\u00fcckfragen steht das Unternehmertelefon unter der Rufnummer 0365 8381219 zur Verf\u00fcgung. Es ist montags bis freitags von 9\u00a0Uhr bis 15 Uhr erreichbar.<\/p>\n\n\n\n<p>QUELLE: STADTVERWALTUNG<\/p>\n","protected":false},"excerpt":{"rendered":"<div class=\"mh-excerpt\"><p>In der Stadt Gera befinden sich aufgrund der Corona-Beschr\u00e4nkungen besonders kleine und mittlere Unternehmen in einer schwierigen wirtschaftlichen Situation, und zwar auch mit Blick auf die Sicherung ihrer Liquidit\u00e4t oder ihres Fortbestandes. Um die negativen <a class=\"mh-excerpt-more\" href=\"https:\/\/www.studiogera.de\/001\/2021\/01\/15\/stundung-von-gewerbesteuern-moeglich\/\" title=\"STUNDUNG VON GEWERBESTEUERN M\u00d6GLICH\">[&#8230;]<\/a><\/p>\n<\/div>","protected":false},"author":3,"featured_media":5263,"comment_status":"open","ping_status":"open","sticky":false,"template":"","format":"standard","meta":{"footnotes":""},"categories":[4],"tags":[],"class_list":{"0":"post-13933","1":"post","2":"type-post","3":"status-publish","4":"format-standard","5":"has-post-thumbnail","7":"category-wirtschaft"},"_links":{"self":[{"href":"https:\/\/www.studiogera.de\/001\/wp-json\/wp\/v2\/posts\/13933","targetHints":{"allow":["GET"]}}],"collection":[{"href":"https:\/\/www.studiogera.de\/001\/wp-json\/wp\/v2\/posts"}],"about":[{"href":"https:\/\/www.studiogera.de\/001\/wp-json\/wp\/v2\/types\/post"}],"author":[{"embeddable":true,"href":"https:\/\/www.studiogera.de\/001\/wp-json\/wp\/v2\/users\/3"}],"replies":[{"embeddable":true,"href":"https:\/\/www.studiogera.de\/001\/wp-json\/wp\/v2\/comments?post=13933"}],"version-history":[{"count":1,"href":"https:\/\/www.studiogera.de\/001\/wp-json\/wp\/v2\/posts\/13933\/revisions"}],"predecessor-version":[{"id":13934,"href":"https:\/\/www.studiogera.de\/001\/wp-json\/wp\/v2\/posts\/13933\/revisions\/13934"}],"wp:featuredmedia":[{"embeddable":true,"href":"https:\/\/www.studiogera.de\/001\/wp-json\/wp\/v2\/media\/5263"}],"wp:attachment":[{"href":"https:\/\/www.studiogera.de\/001\/wp-json\/wp\/v2\/media?parent=13933"}],"wp:term":[{"taxonomy":"category","embeddable":true,"href":"https:\/\/www.studiogera.de\/001\/wp-json\/wp\/v2\/categories?post=13933"},{"taxonomy":"post_tag","embeddable":true,"href":"https:\/\/www.studiogera.de\/001\/wp-json\/wp\/v2\/tags?post=13933"}],"curies":[{"name":"wp","href":"https:\/\/api.w.org\/{rel}","templated":true}]}}