{"id":13946,"date":"2021-01-17T01:21:33","date_gmt":"2021-01-17T00:21:33","guid":{"rendered":"http:\/\/www.studiogera.de\/001\/?p=13946"},"modified":"2021-01-17T01:21:34","modified_gmt":"2021-01-17T00:21:34","slug":"neue-sitzungstermine-fuer-otr-zwoetzen-und-untermhaus","status":"publish","type":"post","link":"https:\/\/www.studiogera.de\/001\/2021\/01\/17\/neue-sitzungstermine-fuer-otr-zwoetzen-und-untermhaus\/","title":{"rendered":"NEUE SITZUNGSTERMINE F\u00dcR OTR ZW\u00d6TZEN UND UNTERMHAUS"},"content":{"rendered":"\n<p>Die f\u00fcr den 28. Januar 2021 vorgesehene Sitzung des Ortsteilrates Zw\u00f6tzen wird aufgrund der vorherrschenden Corona-Situation auf den 11. Februar 2021 verschoben.<\/p>\n\n\n\n<p>Die f\u00fcr den 28. Januar 2021 geplante Sitzung des Ortsteilrates Untermhaus wird aufgrund der vorherrschenden Corona-Situation auf den 11. Februar 2021 verschoben.<\/p>\n","protected":false},"excerpt":{"rendered":"<div class=\"mh-excerpt\"><p>Die f\u00fcr den 28. Januar 2021 vorgesehene Sitzung des Ortsteilrates Zw\u00f6tzen wird aufgrund der vorherrschenden Corona-Situation auf den 11. Februar 2021 verschoben. Die f\u00fcr den 28. Januar 2021 geplante Sitzung des Ortsteilrates Untermhaus wird aufgrund <a class=\"mh-excerpt-more\" href=\"https:\/\/www.studiogera.de\/001\/2021\/01\/17\/neue-sitzungstermine-fuer-otr-zwoetzen-und-untermhaus\/\" title=\"NEUE SITZUNGSTERMINE F\u00dcR OTR ZW\u00d6TZEN UND UNTERMHAUS\">[&#8230;]<\/a><\/p>\n<\/div>","protected":false},"author":2,"featured_media":475,"comment_status":"open","ping_status":"open","sticky":false,"template":"","format":"standard","meta":{"footnotes":""},"categories":[16],"tags":[],"class_list":{"0":"post-13946","1":"post","2":"type-post","3":"status-publish","4":"format-standard","5":"has-post-thumbnail","7":"category-kurzmitteilungen"},"_links":{"self":[{"href":"https:\/\/www.studiogera.de\/001\/wp-json\/wp\/v2\/posts\/13946","targetHints":{"allow":["GET"]}}],"collection":[{"href":"https:\/\/www.studiogera.de\/001\/wp-json\/wp\/v2\/posts"}],"about":[{"href":"https:\/\/www.studiogera.de\/001\/wp-json\/wp\/v2\/types\/post"}],"author":[{"embeddable":true,"href":"https:\/\/www.studiogera.de\/001\/wp-json\/wp\/v2\/users\/2"}],"replies":[{"embeddable":true,"href":"https:\/\/www.studiogera.de\/001\/wp-json\/wp\/v2\/comments?post=13946"}],"version-history":[{"count":1,"href":"https:\/\/www.studiogera.de\/001\/wp-json\/wp\/v2\/posts\/13946\/revisions"}],"predecessor-version":[{"id":13947,"href":"https:\/\/www.studiogera.de\/001\/wp-json\/wp\/v2\/posts\/13946\/revisions\/13947"}],"wp:featuredmedia":[{"embeddable":true,"href":"https:\/\/www.studiogera.de\/001\/wp-json\/wp\/v2\/media\/475"}],"wp:attachment":[{"href":"https:\/\/www.studiogera.de\/001\/wp-json\/wp\/v2\/media?parent=13946"}],"wp:term":[{"taxonomy":"category","embeddable":true,"href":"https:\/\/www.studiogera.de\/001\/wp-json\/wp\/v2\/categories?post=13946"},{"taxonomy":"post_tag","embeddable":true,"href":"https:\/\/www.studiogera.de\/001\/wp-json\/wp\/v2\/tags?post=13946"}],"curies":[{"name":"wp","href":"https:\/\/api.w.org\/{rel}","templated":true}]}}