{"id":13948,"date":"2021-01-17T01:29:18","date_gmt":"2021-01-17T00:29:18","guid":{"rendered":"http:\/\/www.studiogera.de\/001\/?p=13948"},"modified":"2021-01-17T01:29:19","modified_gmt":"2021-01-17T00:29:19","slug":"theaterbetrieb-bleibt-weiterhin-eingestellt","status":"publish","type":"post","link":"https:\/\/www.studiogera.de\/001\/2021\/01\/17\/theaterbetrieb-bleibt-weiterhin-eingestellt\/","title":{"rendered":"THEATERBETRIEB BLEIBT WEITERHIN EINGESTELLT"},"content":{"rendered":"\n<p>Am Theater Altenburg Gera finden leider bis einschlie\u00dflich 31. M\u00e4rz 2021 keine Veranstaltungen statt. Auch s\u00e4mtliche Mitmachangebote wie Kinder- und Jugendchor, Philharmonischer Chor, Kinder- und Jugendballett und p\u00e4dagogische Angebote bleiben bis auf Weiteres ausgesetzt.<\/p>\n\n\n\n<p>Vorerst bleibt auch der Proben- und Produktionsbetrieb im Theater eingestellt, um die Kontakte so weit wie m\u00f6glich zu reduzieren. Der Gro\u00dfteil der Mitarbeiter bleibt in Kurzarbeit, und nur wenige Personen aus Verwaltung und Haustechnik arbeiten unter strengen Auflagen weiter.<\/p>\n\n\n\n<p>Wann wieder Veranstaltungen stattfinden k\u00f6nnen, welcher Spielplan dann angeboten wird und ab wann daf\u00fcr Eintrittskarten verkauft werden, wird erst bekanntgegeben, wenn die Wiederaufnahme des Spielbetriebs absehbar ist.<\/p>\n\n\n\n<p>Die Theaterkassen in Altenburg und Gera bleiben geschlossen. Am 15. Januar 2021 ver\u00f6ffentlichte die Th\u00fcringer Staatskanzlei folgendes:<\/p>\n\n\n\n<blockquote class=\"wp-block-quote is-layout-flow wp-block-quote-is-layout-flow\"><p>\u201eDie Intendantinnen und Intendanten der Th\u00fcringer Theater und Orchester sowie die Gesch\u00e4ftsf\u00fchrerinnen der Verb\u00e4nde der freien Theaterszene verst\u00e4ndigten sich in einer Telefonschaltkonferenz mit der Staatskanzlei darauf, den Spielbetrieb im Hinblick auf das Infektionsgeschehen weiterhin bis vorerst Ende M\u00e4rz dieses Jahres auszusetzen. Man bekannte sich \u00fcbereinstimmend zur Verantwortung, zur Kontaktvermeidung beizutragen. Die Betriebsabl\u00e4ufe werden entsprechend angepasst. Der Kulturminister Prof. Dr. Benjamin-Immanuel Hoff dankte den Theatern und Orchestern, insbesondere den fest angestellten und freien Besch\u00e4ftigten, f\u00fcr ihr Engagement bei der Gemeinschaftsaufgabe der Pandemiebew\u00e4ltigung. Die n\u00e4chste Intendant*innenkonferenz findet im Februar 2021 statt.\u201c<\/p><\/blockquote>\n","protected":false},"excerpt":{"rendered":"<div class=\"mh-excerpt\"><p>Am Theater Altenburg Gera finden leider bis einschlie\u00dflich 31. M\u00e4rz 2021 keine Veranstaltungen statt. Auch s\u00e4mtliche Mitmachangebote wie Kinder- und Jugendchor, Philharmonischer Chor, Kinder- und Jugendballett und p\u00e4dagogische Angebote bleiben bis auf Weiteres ausgesetzt. Vorerst <a class=\"mh-excerpt-more\" href=\"https:\/\/www.studiogera.de\/001\/2021\/01\/17\/theaterbetrieb-bleibt-weiterhin-eingestellt\/\" title=\"THEATERBETRIEB BLEIBT WEITERHIN EINGESTELLT\">[&#8230;]<\/a><\/p>\n<\/div>","protected":false},"author":2,"featured_media":12379,"comment_status":"open","ping_status":"open","sticky":false,"template":"","format":"standard","meta":{"footnotes":""},"categories":[15],"tags":[],"class_list":{"0":"post-13948","1":"post","2":"type-post","3":"status-publish","4":"format-standard","5":"has-post-thumbnail","7":"category-theater"},"_links":{"self":[{"href":"https:\/\/www.studiogera.de\/001\/wp-json\/wp\/v2\/posts\/13948","targetHints":{"allow":["GET"]}}],"collection":[{"href":"https:\/\/www.studiogera.de\/001\/wp-json\/wp\/v2\/posts"}],"about":[{"href":"https:\/\/www.studiogera.de\/001\/wp-json\/wp\/v2\/types\/post"}],"author":[{"embeddable":true,"href":"https:\/\/www.studiogera.de\/001\/wp-json\/wp\/v2\/users\/2"}],"replies":[{"embeddable":true,"href":"https:\/\/www.studiogera.de\/001\/wp-json\/wp\/v2\/comments?post=13948"}],"version-history":[{"count":1,"href":"https:\/\/www.studiogera.de\/001\/wp-json\/wp\/v2\/posts\/13948\/revisions"}],"predecessor-version":[{"id":13949,"href":"https:\/\/www.studiogera.de\/001\/wp-json\/wp\/v2\/posts\/13948\/revisions\/13949"}],"wp:featuredmedia":[{"embeddable":true,"href":"https:\/\/www.studiogera.de\/001\/wp-json\/wp\/v2\/media\/12379"}],"wp:attachment":[{"href":"https:\/\/www.studiogera.de\/001\/wp-json\/wp\/v2\/media?parent=13948"}],"wp:term":[{"taxonomy":"category","embeddable":true,"href":"https:\/\/www.studiogera.de\/001\/wp-json\/wp\/v2\/categories?post=13948"},{"taxonomy":"post_tag","embeddable":true,"href":"https:\/\/www.studiogera.de\/001\/wp-json\/wp\/v2\/tags?post=13948"}],"curies":[{"name":"wp","href":"https:\/\/api.w.org\/{rel}","templated":true}]}}