{"id":13968,"date":"2021-01-21T16:02:02","date_gmt":"2021-01-21T15:02:02","guid":{"rendered":"http:\/\/www.studiogera.de\/001\/?p=13968"},"modified":"2021-01-21T15:57:53","modified_gmt":"2021-01-21T14:57:53","slug":"verlaengerung-der-restriktionen-bis-14-februar-2021","status":"publish","type":"post","link":"https:\/\/www.studiogera.de\/001\/2021\/01\/21\/verlaengerung-der-restriktionen-bis-14-februar-2021\/","title":{"rendered":"VERL\u00c4NGERUNG DER RESTRIKTIONEN BIS 14. FEBRUAR 2021"},"content":{"rendered":"\n<p>In einer mehr als siebenst\u00fcndigen Sitzung sprachen Bundekanzlerin Angela Merkel und die Ministerpr\u00e4sidenten der L\u00e4nder am 19. Januar 2021 \u00fcber die Fortf\u00fchrung der Corona-Restriktionen. Diese werden bis zum 14. Februar verl\u00e4ngert. Zu einer deutlichen Ausweitung kam es nicht. Uneinigkeit gab es vor allem beim Thema Schulen. Die Bundeskanzlerin, der Kanzleramtsvorsitzende sowie der Ministerpr\u00e4sident f\u00fcr Bayern sprachen sich hier f\u00fcr eine weitere Schlie\u00dfung aus. Sie wollten erreichen, dass die Schulen erst wieder ab einem Sieben-Tage-Wert von 50 \u00f6ffnen d\u00fcrfen. Damit k\u00f6nnten sie sich aber nicht durchsetzen. Journalisten berichteten von langwierigen und lauten Gespr\u00e4chen.<\/p>\n\n\n\n<p>Schulen sollen vorerst bis zum 14. Februar 2021 entweder grunds\u00e4tzlich geschlossen bleiben, oder es soll die Pr\u00e4senzpflicht ausgesetzt werden. Gleiches gilt f\u00fcr Kindertagesst\u00e4tten.<\/p>\n\n\n\n<p>Zu den bestehenden Ma\u00dfnahmen hinzu kommen im Wesentlichen Regelungen zur Heimarbeit und zur Maskenpflicht (siehe \u201e<a href=\"https:\/\/www.bundesregierung.de\/breg-de\/themen\/coronavirus\/corona-massnahmen-1734724\">https:\/\/www.bundesregierung.de\/breg-de\/themen\/coronavirus\/corona-massnahmen-1734724<\/a>\u201c): In \u00f6ffentlichen Verkehrsmitteln sowie auf Verkaufsfl\u00e4chen soll es eine Pflicht zum Tragen medizinischer Masken geben. Hierbei kann es sich im OP-, FFP2- oder KN95-Masken handeln. \u00dcberall dort, wo es m\u00f6glich ist, m\u00fcssen Arbeitgeber ihren Besch\u00e4ftigen k\u00fcnftig Heimarbeit erm\u00f6glichen. Die Besch\u00e4ftigten sollen allerdings nicht dazu verpflichtet werden, das Angebot zu nutzen (siehe \u201e<a href=\"https:\/\/www.bundesregierung.de\/breg-de\/suche\/verordnung-zu-homeoffice-1841120\">https:\/\/www.bundesregierung.de\/breg-de\/suche\/verordnung-zu-homeoffice-1841120<\/a>\u201c). Das Bundesministerium f\u00fcr Arbeit soll hierzu eine Verordnung erlassen, die bis zum 15. M\u00e4rz befristet ist.<\/p>\n\n\n\n<p>F\u00fcr die Umsetzung der Beschl\u00fcsse sind die jeweiligen L\u00e4nder zust\u00e4ndig. In Th\u00fcringen besch\u00e4ftigt sich das Kabinett gegenw\u00e4rtig mit den Einzelheiten. Im Wesentlichen will man die Beschl\u00fcsse der Ministerpr\u00e4sidentenkonferenz \u00fcbernehmen. Der Verordnungsentwurf der Landesregierung kann voraussichtlich am 22. Januar den zust\u00e4ndigen Landtagsaussch\u00fcssen sowie dem \u00c4ltestenrat zur Beratung vorgelegt werden. Anschlie\u00dfend wird eine Endfassung erstellt. Die Corona-Verordnung f\u00fcr den Freistaat soll voraussichtlich am Dienstag, den 26. Januar, in Kraft treten.<\/p>\n","protected":false},"excerpt":{"rendered":"<div class=\"mh-excerpt\"><p>In einer mehr als siebenst\u00fcndigen Sitzung sprachen Bundekanzlerin Angela Merkel und die Ministerpr\u00e4sidenten der L\u00e4nder am 19. Januar 2021 \u00fcber die Fortf\u00fchrung der Corona-Restriktionen. Diese werden bis zum 14. Februar verl\u00e4ngert. Zu einer deutlichen Ausweitung <a class=\"mh-excerpt-more\" href=\"https:\/\/www.studiogera.de\/001\/2021\/01\/21\/verlaengerung-der-restriktionen-bis-14-februar-2021\/\" title=\"VERL\u00c4NGERUNG DER RESTRIKTIONEN BIS 14. FEBRUAR 2021\">[&#8230;]<\/a><\/p>\n<\/div>","protected":false},"author":2,"featured_media":13431,"comment_status":"open","ping_status":"open","sticky":false,"template":"","format":"standard","meta":{"footnotes":""},"categories":[2],"tags":[],"class_list":{"0":"post-13968","1":"post","2":"type-post","3":"status-publish","4":"format-standard","5":"has-post-thumbnail","7":"category-weltweit"},"_links":{"self":[{"href":"https:\/\/www.studiogera.de\/001\/wp-json\/wp\/v2\/posts\/13968","targetHints":{"allow":["GET"]}}],"collection":[{"href":"https:\/\/www.studiogera.de\/001\/wp-json\/wp\/v2\/posts"}],"about":[{"href":"https:\/\/www.studiogera.de\/001\/wp-json\/wp\/v2\/types\/post"}],"author":[{"embeddable":true,"href":"https:\/\/www.studiogera.de\/001\/wp-json\/wp\/v2\/users\/2"}],"replies":[{"embeddable":true,"href":"https:\/\/www.studiogera.de\/001\/wp-json\/wp\/v2\/comments?post=13968"}],"version-history":[{"count":3,"href":"https:\/\/www.studiogera.de\/001\/wp-json\/wp\/v2\/posts\/13968\/revisions"}],"predecessor-version":[{"id":13974,"href":"https:\/\/www.studiogera.de\/001\/wp-json\/wp\/v2\/posts\/13968\/revisions\/13974"}],"wp:featuredmedia":[{"embeddable":true,"href":"https:\/\/www.studiogera.de\/001\/wp-json\/wp\/v2\/media\/13431"}],"wp:attachment":[{"href":"https:\/\/www.studiogera.de\/001\/wp-json\/wp\/v2\/media?parent=13968"}],"wp:term":[{"taxonomy":"category","embeddable":true,"href":"https:\/\/www.studiogera.de\/001\/wp-json\/wp\/v2\/categories?post=13968"},{"taxonomy":"post_tag","embeddable":true,"href":"https:\/\/www.studiogera.de\/001\/wp-json\/wp\/v2\/tags?post=13968"}],"curies":[{"name":"wp","href":"https:\/\/api.w.org\/{rel}","templated":true}]}}