{"id":13971,"date":"2021-01-21T17:11:59","date_gmt":"2021-01-21T16:11:59","guid":{"rendered":"http:\/\/www.studiogera.de\/001\/?p=13971"},"modified":"2021-01-21T17:12:01","modified_gmt":"2021-01-21T16:12:01","slug":"joe-biden-ist-neuer-praesident-der-usa","status":"publish","type":"post","link":"https:\/\/www.studiogera.de\/001\/2021\/01\/21\/joe-biden-ist-neuer-praesident-der-usa\/","title":{"rendered":"JOE BIDEN IST NEUER PR\u00c4SIDENT DER USA"},"content":{"rendered":"\n<p><em>Am 20. Januar 2021 wurde Joseph Robinette Biden als 46. Pr\u00e4sident der USA vereidigt, ebenso die Vizepr\u00e4sidentin Kamala Devi Harris. Lesen Sie hierzu eine Einsch\u00e4tzung<\/em>.<\/p>\n\n\n\n<p>Das neue Pr\u00e4sident will alsbald erste Anordnungen bekanntgeben. Hierbei wird es insbesondere um Corona-Ma\u00dfnahmen, Impfprogramme und Helikoptergeld in Form von Hilfsprogrammen gehen, bei gleichzeitiger Begrenzung der Geldzirkulationsm\u00f6glichkeiten, um die Wertstabilit\u00e4t zu halten. Folglich ist noch im Laufe des Jahres 2021 mit erheblichen Restriktionen zu rechnen. Weiterhin wird er sich den Themen Klima, Migration und Rassismus widmen, und sich mit den Beziehungen zu China und Russland besch\u00e4ftigen. Seine Aufmerksamkeit wird demnach zuerst auf die Innenpolitik, dann auf die Au\u00dfenpolitik gerichtet sein. Am ersten Arbeitstag unterzeichnete Biden bereits 17 Durchf\u00fchrungsverordnungen.<\/p>\n\n\n\n<p>Donald Trump blieb der Amts\u00fcbergabezeremonie fern. Er hielt eine zwanzigmin\u00fctige Rede mit einem Fazit seiner Amtszeit, dankte seinen Unterst\u00fctzern, und begab sich anschlie\u00dfend nach Florida. Besonders stolz sei er darauf, der erste Pr\u00e4sident seit Jahrzehnten zu sein, der keine neuen Kriege begann. Es sei seine \u00dcberzeugung gewesen, den normalen B\u00fcrgern von Amerika und der Nation selbst zu dienen, nicht den Sonderinteressen der Konzerne oder globalen Unternehmen, sagte er sinngem\u00e4\u00df. Er habe nicht den einfachsten Weg gesucht, und nicht jenen, der am wenigsten Kritik ernten w\u00fcrde. Seine Rede schloss er mit den Worten ab, das Beste werde noch kommen.<\/p>\n\n\n\n<p>Die Bundesregierung hofft auf einen Neubeginn der bilateralen Beziehungen. Meinungsverschiedenheiten wird es aber weiterhin in puncto Verteidigungspolitik und \u201eNord Stream II\u201c geben. Der neue US-Pr\u00e4sident hat sich ebenfalls gegen die \u00d6lleitung ausgesprochen. Auch auf die Zahlung der vereinbarten NATO-Beitr\u00e4ge wird er bestehen.<\/p>\n\n\n\n<p>Ihren Protektionismus werden die USA fortsetzen, allerdings mit einer milderen Tonalit\u00e4t. Biden will eine R\u00fcckkehr zu den alten Prinzipien internationaler Zusammenarbeit, zum Pariser Klimaabkommen und der WHO. Man wolle f\u00fchren, und zwar nicht nur durch Macht, sondern vor allem durch die Kraft des Beispiels.<\/p>\n\n\n\n<p>Durch die Klimapolitik gem\u00e4\u00df dem Pariser Abkommen sowie den Emissionshandel und Abluftsteuern auf Kohlenstoffdioxid k\u00f6nnten auf die US-B\u00fcrger h\u00f6here Kraftstoff- und Energiepreise zukommen, was wiederum f\u00fcr st\u00e4rkeren gesellschaftlichen Unmut sorgen w\u00fcrde.<\/p>\n\n\n\n<p>In der Au\u00dfenpolitik d\u00fcrfte die Rhetorik gegen\u00fcber Russland wegen der unterschiedlichen Interessenlage aggressiver werden. Alles in allem sind in mehreren Bereichen zunehmende Spannungen zu erwarten.<\/p>\n","protected":false},"excerpt":{"rendered":"<div class=\"mh-excerpt\"><p>Am 20. Januar 2021 wurde Joseph Robinette Biden als 46. Pr\u00e4sident der USA vereidigt, ebenso die Vizepr\u00e4sidentin Kamala Devi Harris. Lesen Sie hierzu eine Einsch\u00e4tzung. Das neue Pr\u00e4sident will alsbald erste Anordnungen bekanntgeben. Hierbei wird <a class=\"mh-excerpt-more\" href=\"https:\/\/www.studiogera.de\/001\/2021\/01\/21\/joe-biden-ist-neuer-praesident-der-usa\/\" title=\"JOE BIDEN IST NEUER PR\u00c4SIDENT DER USA\">[&#8230;]<\/a><\/p>\n<\/div>","protected":false},"author":2,"featured_media":13975,"comment_status":"open","ping_status":"open","sticky":false,"template":"","format":"standard","meta":{"footnotes":""},"categories":[2],"tags":[],"class_list":{"0":"post-13971","1":"post","2":"type-post","3":"status-publish","4":"format-standard","5":"has-post-thumbnail","7":"category-weltweit"},"_links":{"self":[{"href":"https:\/\/www.studiogera.de\/001\/wp-json\/wp\/v2\/posts\/13971","targetHints":{"allow":["GET"]}}],"collection":[{"href":"https:\/\/www.studiogera.de\/001\/wp-json\/wp\/v2\/posts"}],"about":[{"href":"https:\/\/www.studiogera.de\/001\/wp-json\/wp\/v2\/types\/post"}],"author":[{"embeddable":true,"href":"https:\/\/www.studiogera.de\/001\/wp-json\/wp\/v2\/users\/2"}],"replies":[{"embeddable":true,"href":"https:\/\/www.studiogera.de\/001\/wp-json\/wp\/v2\/comments?post=13971"}],"version-history":[{"count":3,"href":"https:\/\/www.studiogera.de\/001\/wp-json\/wp\/v2\/posts\/13971\/revisions"}],"predecessor-version":[{"id":13977,"href":"https:\/\/www.studiogera.de\/001\/wp-json\/wp\/v2\/posts\/13971\/revisions\/13977"}],"wp:featuredmedia":[{"embeddable":true,"href":"https:\/\/www.studiogera.de\/001\/wp-json\/wp\/v2\/media\/13975"}],"wp:attachment":[{"href":"https:\/\/www.studiogera.de\/001\/wp-json\/wp\/v2\/media?parent=13971"}],"wp:term":[{"taxonomy":"category","embeddable":true,"href":"https:\/\/www.studiogera.de\/001\/wp-json\/wp\/v2\/categories?post=13971"},{"taxonomy":"post_tag","embeddable":true,"href":"https:\/\/www.studiogera.de\/001\/wp-json\/wp\/v2\/tags?post=13971"}],"curies":[{"name":"wp","href":"https:\/\/api.w.org\/{rel}","templated":true}]}}