{"id":13978,"date":"2021-01-21T21:01:16","date_gmt":"2021-01-21T20:01:16","guid":{"rendered":"http:\/\/www.studiogera.de\/001\/?p=13978"},"modified":"2021-01-21T21:03:03","modified_gmt":"2021-01-21T20:03:03","slug":"absage-von-otr-sitzungen-im-februar","status":"publish","type":"post","link":"https:\/\/www.studiogera.de\/001\/2021\/01\/21\/absage-von-otr-sitzungen-im-februar\/","title":{"rendered":"ABSAGE VON OTR-SITZUNGEN IM FEBRUAR"},"content":{"rendered":"\n<p>Aufgrund der Corona-Beschr\u00e4nkungen finden in Gera folgende f\u00fcr Februar 2021 geplante Sitzungen der Ortsteilr\u00e4te nicht statt:<\/p>\n\n\n\n<p>Langenberg 2. Februar 2021<br>Thr\u00e4nitz 3. Februar 2021<br>R\u00f6psen 8. Februar 2021<br>Wei\u00dfig 9. Februar 2021<br>Naulitz 16. Februar 2021<br>Westvororte 4. Februar 2021<br>Falka 11. Februar 2021<br>Untermhaus 11. Februar 2021<br>Zw\u00f6tzen 11. Februar 2021<\/p>\n","protected":false},"excerpt":{"rendered":"<div class=\"mh-excerpt\"><p>Aufgrund der Corona-Beschr\u00e4nkungen finden in Gera folgende f\u00fcr Februar 2021 geplante Sitzungen der Ortsteilr\u00e4te nicht statt: Langenberg 2. Februar 2021Thr\u00e4nitz 3. Februar 2021R\u00f6psen 8. Februar 2021Wei\u00dfig 9. Februar 2021Naulitz 16. Februar 2021Westvororte 4. Februar 2021Falka <a class=\"mh-excerpt-more\" href=\"https:\/\/www.studiogera.de\/001\/2021\/01\/21\/absage-von-otr-sitzungen-im-februar\/\" title=\"ABSAGE VON OTR-SITZUNGEN IM FEBRUAR\">[&#8230;]<\/a><\/p>\n<\/div>","protected":false},"author":2,"featured_media":1630,"comment_status":"open","ping_status":"open","sticky":false,"template":"","format":"standard","meta":{"footnotes":""},"categories":[16],"tags":[],"class_list":{"0":"post-13978","1":"post","2":"type-post","3":"status-publish","4":"format-standard","5":"has-post-thumbnail","7":"category-kurzmitteilungen"},"_links":{"self":[{"href":"https:\/\/www.studiogera.de\/001\/wp-json\/wp\/v2\/posts\/13978","targetHints":{"allow":["GET"]}}],"collection":[{"href":"https:\/\/www.studiogera.de\/001\/wp-json\/wp\/v2\/posts"}],"about":[{"href":"https:\/\/www.studiogera.de\/001\/wp-json\/wp\/v2\/types\/post"}],"author":[{"embeddable":true,"href":"https:\/\/www.studiogera.de\/001\/wp-json\/wp\/v2\/users\/2"}],"replies":[{"embeddable":true,"href":"https:\/\/www.studiogera.de\/001\/wp-json\/wp\/v2\/comments?post=13978"}],"version-history":[{"count":2,"href":"https:\/\/www.studiogera.de\/001\/wp-json\/wp\/v2\/posts\/13978\/revisions"}],"predecessor-version":[{"id":13980,"href":"https:\/\/www.studiogera.de\/001\/wp-json\/wp\/v2\/posts\/13978\/revisions\/13980"}],"wp:featuredmedia":[{"embeddable":true,"href":"https:\/\/www.studiogera.de\/001\/wp-json\/wp\/v2\/media\/1630"}],"wp:attachment":[{"href":"https:\/\/www.studiogera.de\/001\/wp-json\/wp\/v2\/media?parent=13978"}],"wp:term":[{"taxonomy":"category","embeddable":true,"href":"https:\/\/www.studiogera.de\/001\/wp-json\/wp\/v2\/categories?post=13978"},{"taxonomy":"post_tag","embeddable":true,"href":"https:\/\/www.studiogera.de\/001\/wp-json\/wp\/v2\/tags?post=13978"}],"curies":[{"name":"wp","href":"https:\/\/api.w.org\/{rel}","templated":true}]}}