{"id":13981,"date":"2021-01-21T21:10:13","date_gmt":"2021-01-21T20:10:13","guid":{"rendered":"http:\/\/www.studiogera.de\/001\/?p=13981"},"modified":"2021-01-21T21:10:13","modified_gmt":"2021-01-21T20:10:13","slug":"smartcity-umfrage-bis-ende-maerz-2021","status":"publish","type":"post","link":"https:\/\/www.studiogera.de\/001\/2021\/01\/21\/smartcity-umfrage-bis-ende-maerz-2021\/","title":{"rendered":"SMARTCITY-UMFRAGE BIS ENDE M\u00c4RZ 2021"},"content":{"rendered":"\n<p>An Smartcity kommen die B\u00fcrger der Stadt Gera gegenw\u00e4rtig nicht vorbei. Neben der Auswertung des Ideenwettbewerbs, der Pilotierung erster Smartcity-Ma\u00dfnahmen und den anstehenden Smartcity-Wochen, ruft die Projektgruppe nun zur Teilnahme an einer kurzen Umfrage als wichtigen Baustein zukunftsorientierter B\u00fcrgerbeteiligung auf.<\/p>\n\n\n\n<p>Welche Begriffe verbinden Sie mit dem Thema Smartcity? Wie gut f\u00fchlen Sie sich \u00fcber das Thema Smartcity informiert? Und was w\u00fcnschen Sie sich von einer Smartcity Gera?<\/p>\n\n\n\n<p>Bei dieser Umfrage haben alle Interessierten die M\u00f6glichkeit, mit Hilfe weniger Klicks, das Smartcity-Projekt zu bewerten, W\u00fcnsche, Verbesserungsvorschl\u00e4ge oder Impulse mitzuteilen.<\/p>\n\n\n\n<p>Nur mittels regelm\u00e4\u00dfiger Evaluierung kann die Projektgruppe einen ungefilterten Blick auf das Thema Smartcity in Gera erhalten und in der Verl\u00e4ngerung eine objektive wissenschaftliche Begleitung des deutschlandweiten Modellprojektes garantieren.<\/p>\n\n\n\n<p>Die erste Befragung zum Thema Smartcity in der ersten Jahresh\u00e4lfte 2020 fand rege Beteiligung und war sehr erfolgreich. Eine \u00e4hnlich hohe Beteiligung ist auch jetzt wieder erw\u00fcnscht: \u201eHelfen Sie uns, das Projekt Smartcity weiter voran zu bringen und machen Sie mit. Wir sind auf Ihre ehrliche Meinung gespannt und freuen uns \u00fcber jedwedes Feedback.\u201c, ruft Alexander Leonhardt, Leiter des Amts f\u00fcr Zentrale Steuerung, zur Teilnahme an der Umfrage auf. Die laufende Umfrage ist bis Ende M\u00e4rz 2021 \u00fcber <a href=\"https:\/\/unser.gera.de\/\">https:\/\/unser.gera.de\/<\/a> abrufbar.<\/p>\n\n\n\n<p>QUELLE: STADTVERWALTUNG<\/p>\n","protected":false},"excerpt":{"rendered":"<div class=\"mh-excerpt\"><p>An Smartcity kommen die B\u00fcrger der Stadt Gera gegenw\u00e4rtig nicht vorbei. Neben der Auswertung des Ideenwettbewerbs, der Pilotierung erster Smartcity-Ma\u00dfnahmen und den anstehenden Smartcity-Wochen, ruft die Projektgruppe nun zur Teilnahme an einer kurzen Umfrage als <a class=\"mh-excerpt-more\" href=\"https:\/\/www.studiogera.de\/001\/2021\/01\/21\/smartcity-umfrage-bis-ende-maerz-2021\/\" title=\"SMARTCITY-UMFRAGE BIS ENDE M\u00c4RZ 2021\">[&#8230;]<\/a><\/p>\n<\/div>","protected":false},"author":2,"featured_media":13852,"comment_status":"open","ping_status":"open","sticky":false,"template":"","format":"standard","meta":{"footnotes":""},"categories":[3],"tags":[],"class_list":{"0":"post-13981","1":"post","2":"type-post","3":"status-publish","4":"format-standard","5":"has-post-thumbnail","7":"category-lokal"},"_links":{"self":[{"href":"https:\/\/www.studiogera.de\/001\/wp-json\/wp\/v2\/posts\/13981","targetHints":{"allow":["GET"]}}],"collection":[{"href":"https:\/\/www.studiogera.de\/001\/wp-json\/wp\/v2\/posts"}],"about":[{"href":"https:\/\/www.studiogera.de\/001\/wp-json\/wp\/v2\/types\/post"}],"author":[{"embeddable":true,"href":"https:\/\/www.studiogera.de\/001\/wp-json\/wp\/v2\/users\/2"}],"replies":[{"embeddable":true,"href":"https:\/\/www.studiogera.de\/001\/wp-json\/wp\/v2\/comments?post=13981"}],"version-history":[{"count":1,"href":"https:\/\/www.studiogera.de\/001\/wp-json\/wp\/v2\/posts\/13981\/revisions"}],"predecessor-version":[{"id":13982,"href":"https:\/\/www.studiogera.de\/001\/wp-json\/wp\/v2\/posts\/13981\/revisions\/13982"}],"wp:featuredmedia":[{"embeddable":true,"href":"https:\/\/www.studiogera.de\/001\/wp-json\/wp\/v2\/media\/13852"}],"wp:attachment":[{"href":"https:\/\/www.studiogera.de\/001\/wp-json\/wp\/v2\/media?parent=13981"}],"wp:term":[{"taxonomy":"category","embeddable":true,"href":"https:\/\/www.studiogera.de\/001\/wp-json\/wp\/v2\/categories?post=13981"},{"taxonomy":"post_tag","embeddable":true,"href":"https:\/\/www.studiogera.de\/001\/wp-json\/wp\/v2\/tags?post=13981"}],"curies":[{"name":"wp","href":"https:\/\/api.w.org\/{rel}","templated":true}]}}