{"id":14038,"date":"2021-01-27T21:56:42","date_gmt":"2021-01-27T20:56:42","guid":{"rendered":"http:\/\/www.studiogera.de\/001\/?p=14038"},"modified":"2021-01-27T21:56:44","modified_gmt":"2021-01-27T20:56:44","slug":"vergabe-der-staedtischen-kulturfoerdermittel","status":"publish","type":"post","link":"https:\/\/www.studiogera.de\/001\/2021\/01\/27\/vergabe-der-staedtischen-kulturfoerdermittel\/","title":{"rendered":"VERGABE DER ST\u00c4DTISCHEN KULTURF\u00d6RDERMITTEL"},"content":{"rendered":"\n<p>Nachdem der Geraer Stadtrat am 24. September 2020 die Kulturf\u00f6rderrichtlinie der Stadt Gera ab 2021 beschlossen, und diese ver\u00f6ffentlicht hatte, bewarben sich bis zum Antragstermin 31. Oktober 2020 insgesamt vierundvierzig Vereine, Initiativen und Einzelpersonen. F\u00fcr die in den Bewerbungen beschriebenen Projekte lief eine F\u00f6rdersumme von insgesamt 206&#8217;730 Euro auf. Zur Verf\u00fcgung stehen gegenw\u00e4rtig 65&#8217;000 Euro. Das sind 10 % der erwarteten Ausgleichszahlung des Landes an die Kommunen zum Ausgleich der kommunalen Ausgaben im kulturellen Bereich. Alle Antr\u00e4ge an die Stadt Gera wurden f\u00fcr Kulturprojekte unterschiedlicher Genre gestellt und reichen von Musik, Tanz, Darstellende Kunst oder Ausstellungen bis zu Literatur, l\u00e4ndliches Kulturelles Kulturleben, Traditionspflege, notwendige Anschaffungen und anderes.<\/p>\n\n\n\n<p>Die Vergabe entschied wie festgelegt der Kultur- und Sportausschuss des Geraer Stadtrates. Dem vorgeschaltet wurde laut Kulturf\u00f6rderrichtlinie ein vom Oberb\u00fcrgermeister berufenes siebenk\u00f6pfiges Fachgremium aktiv. Das Fachgremium, bestehend aus Vertretern des Kultur- und Sportausschusses, des Kulturamtes, des Geraer Theaters, der Museen sowie der freien Kulturszene, tagte im November 2020 und beriet in einer mehrst\u00fcndigen Sitzung zu jedem einzelnen Antrag. \u201eDies war eine durchaus schwierige Beratung, denn leider standen nicht f\u00fcr alle Projekte Mittel zur Verf\u00fcgung, und es musste deshalb eine Auswahl getroffen werden\u201c, erkl\u00e4rt Dr. Claudia Tittel, die Leiterin des Geraer Kulturamts. \u201eDie Diskussionen zu den einzelnen Vergabevorschl\u00e4gen gestalteten sich sehr konstruktiv und ben\u00f6tigten ihre Zeit. Denn eins war jedem Mitglied des Bewertungsgremium klar:\u00a0Eigentlich h\u00e4tten alle Initiativen, die sich f\u00fcr das kulturelle Leben und die Lebensqualit\u00e4t in unserer Stadt engagieren, und daf\u00fcr Projekte entwickelten, eine F\u00f6rderung verdient.\u201c<\/p>\n\n\n\n<p>Im Ergebnis der Diskussion wurden durch das Fachgremium dem Kultur- und Sportausschuss insgesamt dreiunddrei\u00dfig Projekte f\u00fcr eine F\u00f6rderung im Jahr 2021 in H\u00f6he von 65&#8217;000 Euro vorgeschlagen. Der Ausschuss folgte diesem Vorschlag in seiner Sitzung am 12. Januar 2021 mehrheitlich. Die Auszahlung der best\u00e4tigten Kulturf\u00f6rdermittel 2021 an alle Antragsteller wird voraussichtliche im Juni 2021, nach Eingang des Kulturlastenausgleiches des Landes bei der Stadt Gera, erfolgen k\u00f6nnen. Kulturamt, Fachgremium und Kultur- und Sportausschuss w\u00fcnschen allen Empf\u00e4ngern der diesj\u00e4hrigen Kulturf\u00f6rderung der Stadt Gera viel Erfolg und einen guten Verlauf der weiteren Planungen.<\/p>\n\n\n\n<p>Das Kulturamt der Stadt Gera weist darauf hin, dass laut Kulturf\u00f6rderrichtlinie der Stadt Gera die Abrechnung der diesj\u00e4hrigen erhaltenen F\u00f6rdermittel bis zum 31. M\u00e4rz 2022 erfolgen muss. Au\u00dferdem k\u00f6nnen bis zum 31. Oktober 2021 bereits die Antr\u00e4ge auf Kulturf\u00f6rderung f\u00fcr das Planjahr 2022 gestellt werden.<\/p>\n\n\n\n<p>Die erforderlichen Unterlagen sind im Datennetz unter \u201e<a href=\"https:\/\/www.gera.de\/sixcms\/detail.php?id=240705&amp;_nav_id1=10240&amp;_nav_id2=10243&amp;_lang=de\">https:\/\/www.gera.de\/sixcms\/detail.php?id=240705&amp;_nav_id1=10240&amp;_nav_id2=10243&amp;_lang=de<\/a>\u201c abrufbar.<\/p>\n\n\n\n<p>QUELLE: STADTVERWALTUNG<\/p>\n","protected":false},"excerpt":{"rendered":"<div class=\"mh-excerpt\"><p>Nachdem der Geraer Stadtrat am 24. September 2020 die Kulturf\u00f6rderrichtlinie der Stadt Gera ab 2021 beschlossen, und diese ver\u00f6ffentlicht hatte, bewarben sich bis zum Antragstermin 31. Oktober 2020 insgesamt vierundvierzig Vereine, Initiativen und Einzelpersonen. F\u00fcr <a class=\"mh-excerpt-more\" href=\"https:\/\/www.studiogera.de\/001\/2021\/01\/27\/vergabe-der-staedtischen-kulturfoerdermittel\/\" title=\"VERGABE DER ST\u00c4DTISCHEN KULTURF\u00d6RDERMITTEL\">[&#8230;]<\/a><\/p>\n<\/div>","protected":false},"author":2,"featured_media":7605,"comment_status":"open","ping_status":"open","sticky":false,"template":"","format":"standard","meta":{"footnotes":""},"categories":[8],"tags":[],"class_list":{"0":"post-14038","1":"post","2":"type-post","3":"status-publish","4":"format-standard","5":"has-post-thumbnail","7":"category-kultur"},"_links":{"self":[{"href":"https:\/\/www.studiogera.de\/001\/wp-json\/wp\/v2\/posts\/14038","targetHints":{"allow":["GET"]}}],"collection":[{"href":"https:\/\/www.studiogera.de\/001\/wp-json\/wp\/v2\/posts"}],"about":[{"href":"https:\/\/www.studiogera.de\/001\/wp-json\/wp\/v2\/types\/post"}],"author":[{"embeddable":true,"href":"https:\/\/www.studiogera.de\/001\/wp-json\/wp\/v2\/users\/2"}],"replies":[{"embeddable":true,"href":"https:\/\/www.studiogera.de\/001\/wp-json\/wp\/v2\/comments?post=14038"}],"version-history":[{"count":1,"href":"https:\/\/www.studiogera.de\/001\/wp-json\/wp\/v2\/posts\/14038\/revisions"}],"predecessor-version":[{"id":14039,"href":"https:\/\/www.studiogera.de\/001\/wp-json\/wp\/v2\/posts\/14038\/revisions\/14039"}],"wp:featuredmedia":[{"embeddable":true,"href":"https:\/\/www.studiogera.de\/001\/wp-json\/wp\/v2\/media\/7605"}],"wp:attachment":[{"href":"https:\/\/www.studiogera.de\/001\/wp-json\/wp\/v2\/media?parent=14038"}],"wp:term":[{"taxonomy":"category","embeddable":true,"href":"https:\/\/www.studiogera.de\/001\/wp-json\/wp\/v2\/categories?post=14038"},{"taxonomy":"post_tag","embeddable":true,"href":"https:\/\/www.studiogera.de\/001\/wp-json\/wp\/v2\/tags?post=14038"}],"curies":[{"name":"wp","href":"https:\/\/api.w.org\/{rel}","templated":true}]}}