{"id":14044,"date":"2021-01-29T11:46:58","date_gmt":"2021-01-29T10:46:58","guid":{"rendered":"http:\/\/www.studiogera.de\/001\/?p=14044"},"modified":"2021-01-29T11:46:59","modified_gmt":"2021-01-29T10:46:59","slug":"hochkaraetige-werke-fuer-die-geraer-orangerie","status":"publish","type":"post","link":"https:\/\/www.studiogera.de\/001\/2021\/01\/29\/hochkaraetige-werke-fuer-die-geraer-orangerie\/","title":{"rendered":"HOCHKAR\u00c4TIGE WERKE F\u00dcR DIE GERAER ORANGERIE"},"content":{"rendered":"\n<p>Am Donnerstag, den 28. Januar 2021, unterzeichnete\u00a0Geras Oberb\u00fcrgermeister Julian Vonarb einen Dauerleihvertrag f\u00fcr eine Berliner Privatsammlung mit hochkar\u00e4tigen K\u00fcnstlerinnen und K\u00fcnstlern der Klassischen Moderne. Nach zwei Jahren intensiver Vorbereitungszeit wird das Sammlungsprofil der Geraer Kunstsammlung in der Orangerie mit dieser Errungenschaft weiter ausgebaut.<\/p>\n\n\n\n<p>Die neue Dauerleihgabe umfasst rund 515 Werke, darunter Gem\u00e4lde, Aquarelle, Zeichnungen, Druckgrafiken und Plastiken von Pers\u00f6nlichkeiten wie Paul Gauguin, Arestide Maillol, Auguste Rodin, Lovis Corinth, Karl Schmidt-Rottluff, Oskar Kokoschka, Paul Klee, Lyonel Feininger, Karl Hofer, George Grosz, Georg Kolbe, Ren\u00e9e Sintenis sowie Gerhard Marcks. Besonderes Augenmerk liegt dar\u00fcber hinaus auf den sehr umfangreichen Werken von Ernst Barlach und Otto Dix mit 130 bzw. 187 Werken; letztere wurden direkt bei Otto Dix erworben. Zahlreiche dieser Kunstwerke wurden in den letzten sechs Jahrzehnten nur vereinzelt oder noch nie \u00f6ffentlich ausgestellt.<\/p>\n\n\n\n<p>\u201eEs ist f\u00fcr uns eine gro\u00dfe Freude und ein Zeichen der Wertsch\u00e4tzung, die Sammlung als Dauerleihgabe nach Gera zu holen\u201c, betont Oberb\u00fcrgermeister Julian Vonarb und erg\u00e4nzt: \u201eDamit gelingt nicht allein eine hervorragende Erweiterung unseres Engagements um das Werk von Otto Dix, sondern sie stellt insgesamt einen Gewinn f\u00fcr Th\u00fcringen dar, weil sich darunter Arbeiten von renommierten K\u00fcnstlerinnen und K\u00fcnstlern des 20. Jahrhunderts befinden, wie beispielsweise seltene Aquarelle aus der Weimarer Bauhauszeit von Paul Klee.\u201c<\/p>\n\n\n\n<p>Nach der \u00dcbergabe der Werke an die Kunstsammlung werden diese schrittweise wissenschaftlich erschlossen, die Entstehungszusammenh\u00e4nge der Sammlung und die Provenienzen der Werke erforscht sowie anschlie\u00dfend der weiteren kunsthistorischen Forschung zu Verf\u00fcgung gestellt. \u201eSelbstverst\u00e4ndlich m\u00f6chten wir diese au\u00dferordentlichen Kunstwerke auch der kunstinteressierten \u00d6ffentlichkeit zur Verf\u00fcgung stellen und planen viele hochkar\u00e4tige themenspezifische Sonderausstellungen. Die Gem\u00e4lde von Otto Dix sind insbesondere zur Erg\u00e4nzung der st\u00e4ndigen Ausstellung im Geraer Otto-Dix-Haus vorgesehen\u201c, verspricht Frau Dr. Claudia Tittel, Leiterin des Kulturamts.<\/p>\n\n\n\n<p>Seit vielen Jahren konzentriert sich die Kunstsammlung Gera auf die Klassische Moderne und forscht insbesondere zu Kunstschaffenden der Neuen Sachlichkeit in Deutschland und des K\u00fcnstlerkreises um Otto Dix. Die Neue Sachlichkeit stellt einen wesentlichen Sammlungs- und Ausstellungsschwerpunkt der Kunstsammlung Gera dar und bereits jetzt verf\u00fcgt Gera \u00fcber einen ansehnlichen Bestand an Werken der Klassischen Moderne. Dazu geh\u00f6ren unter anderem wichtige Werkgruppen von K\u00fcnstlerpers\u00f6nlichkeiten wie Otto Dix, Kurt G\u00fcnther und Erich Drechsler; aber auch eine beachtliche Grafiksammlung zur Klassischen Moderne mit K\u00fcnstlern des Expressionismus und der Neuen Sachlichkeit.<\/p>\n\n\n\n<p>QUELLE: STADTVERWALTUNG<\/p>\n","protected":false},"excerpt":{"rendered":"<div class=\"mh-excerpt\"><p>Am Donnerstag, den 28. Januar 2021, unterzeichnete\u00a0Geras Oberb\u00fcrgermeister Julian Vonarb einen Dauerleihvertrag f\u00fcr eine Berliner Privatsammlung mit hochkar\u00e4tigen K\u00fcnstlerinnen und K\u00fcnstlern der Klassischen Moderne. Nach zwei Jahren intensiver Vorbereitungszeit wird das Sammlungsprofil der Geraer Kunstsammlung <a class=\"mh-excerpt-more\" href=\"https:\/\/www.studiogera.de\/001\/2021\/01\/29\/hochkaraetige-werke-fuer-die-geraer-orangerie\/\" title=\"HOCHKAR\u00c4TIGE WERKE F\u00dcR DIE GERAER ORANGERIE\">[&#8230;]<\/a><\/p>\n<\/div>","protected":false},"author":2,"featured_media":14045,"comment_status":"open","ping_status":"open","sticky":false,"template":"","format":"standard","meta":{"footnotes":""},"categories":[8],"tags":[],"class_list":{"0":"post-14044","1":"post","2":"type-post","3":"status-publish","4":"format-standard","5":"has-post-thumbnail","7":"category-kultur"},"_links":{"self":[{"href":"https:\/\/www.studiogera.de\/001\/wp-json\/wp\/v2\/posts\/14044","targetHints":{"allow":["GET"]}}],"collection":[{"href":"https:\/\/www.studiogera.de\/001\/wp-json\/wp\/v2\/posts"}],"about":[{"href":"https:\/\/www.studiogera.de\/001\/wp-json\/wp\/v2\/types\/post"}],"author":[{"embeddable":true,"href":"https:\/\/www.studiogera.de\/001\/wp-json\/wp\/v2\/users\/2"}],"replies":[{"embeddable":true,"href":"https:\/\/www.studiogera.de\/001\/wp-json\/wp\/v2\/comments?post=14044"}],"version-history":[{"count":1,"href":"https:\/\/www.studiogera.de\/001\/wp-json\/wp\/v2\/posts\/14044\/revisions"}],"predecessor-version":[{"id":14046,"href":"https:\/\/www.studiogera.de\/001\/wp-json\/wp\/v2\/posts\/14044\/revisions\/14046"}],"wp:featuredmedia":[{"embeddable":true,"href":"https:\/\/www.studiogera.de\/001\/wp-json\/wp\/v2\/media\/14045"}],"wp:attachment":[{"href":"https:\/\/www.studiogera.de\/001\/wp-json\/wp\/v2\/media?parent=14044"}],"wp:term":[{"taxonomy":"category","embeddable":true,"href":"https:\/\/www.studiogera.de\/001\/wp-json\/wp\/v2\/categories?post=14044"},{"taxonomy":"post_tag","embeddable":true,"href":"https:\/\/www.studiogera.de\/001\/wp-json\/wp\/v2\/tags?post=14044"}],"curies":[{"name":"wp","href":"https:\/\/api.w.org\/{rel}","templated":true}]}}