{"id":14169,"date":"2021-02-11T00:53:52","date_gmt":"2021-02-10T23:53:52","guid":{"rendered":"http:\/\/www.studiogera.de\/001\/?p=14169"},"modified":"2021-02-11T00:59:34","modified_gmt":"2021-02-10T23:59:34","slug":"verlaengerung-der-restriktionen-bis-7-maerz-2021","status":"publish","type":"post","link":"https:\/\/www.studiogera.de\/001\/2021\/02\/11\/verlaengerung-der-restriktionen-bis-7-maerz-2021\/","title":{"rendered":"VERL\u00c4NGERUNG DER RESTRIKTIONEN BIS 7. M\u00c4RZ 2021"},"content":{"rendered":"\n<p>In einer Schaltkonferenz sprachen Angela Merkel und die Ministerpr\u00e4sidenten der L\u00e4nder am 10. Februar 2021 \u00fcber die Fortf\u00fchrung der Corona-Ma\u00dfnahmen. Die Kette der Verl\u00e4ngerungen wird fortgesetzt. N\u00e4chstes formelles Enddatum ist der 7. M\u00e4rz 2021. Gleichzeitig wurde der Sieben-Tage-Grenzwert f\u00fcr die meisten betroffenen Bereiche erwartungsgem\u00e4\u00df von 50 auf 35 herabgesetzt, sodass eine Wiederaufnahme der T\u00e4tigkeit noch weiter in die Ferne r\u00fcckt. Am Tage der Konferenz lag der Wert bereits bei 68.<\/p>\n\n\n\n<p>Der Grundsatz soll weiterhin lauten: \u201eWir bleiben zu Hause!\u201c Ab dem 1. M\u00e4rz k\u00f6nnen Fris\u00f6re \u00f6ffnen, bei stabil niedrigen Zahlen, das hei\u00dft, ab einem Wert von 35, auch der Einzelhandel sowie Museen, Galerien und weitere k\u00f6rpernahe Dienstleistungsbetriebe. F\u00fcr Fris\u00f6re gibt es Hygienevorschriften, und es besteht die Pflicht zur Seuerung des Zutritts sowie zur Nutzung medizinischer Masken. F\u00fcr Kontakte, Masken und Heimarbeit gelten weiterhin die bekannten Regeln. Sollte der Einzelhandel \u00f6ffnen, darf die Kundendichte von eine Person je 20 Quadratmeter nicht \u00fcberschritten werden.<\/p>\n\n\n\n<p>Vorrangig soll im Betreuungs- und Bildungsbereich die Arbeit wieder aufgenommen werden d\u00fcrfen. Die L\u00e4nder entscheiden \u00fcber die schrittweise R\u00fcckkehr zum Pr\u00e4senzunterricht und die Ausweitung der Kindergarten-Angebote. Zur Anwendung sollen Hygienekonzepte und Schnelltests kommen.<\/p>\n\n\n\n<p><a href=\"https:\/\/bpag.de\/mpk-beschluesse-10-02-2021\">https:\/\/bpag.de\/mpk-beschluesse-10-02-2021<\/a><\/p>\n\n\n\n<p>Th\u00fcringens Ministerpr\u00e4sident Bodo Ramelow gab anschlie\u00dfend eine Erkl\u00e4rung ab. Diese hat die Th\u00fcringer Staatskanzlei ver\u00f6ffentlicht.<\/p>\n\n\n\n<p><a href=\"https:\/\/youtu.be\/sAxzfejVjAg\">https:\/\/youtu.be\/sAxzfejVjAg<\/a><\/p>\n\n\n\n<p>Die Bundesregierung warnt gleichzeitig vor Mutanten. Auch werde bald ein neues Virus erscheinen, das noch gef\u00e4hrlicher sei. Bereits vor einigen Tagen war vor einer sich aufbauenden dritten Welle im M\u00e4rz gewarnt worden. Beobachter rechnen mit einer weiteren Absenkung des Sieben-Tage-Grenzwertes, wenn sich im Mai eine Ann\u00e4herung abzeichnet.<\/p>\n\n\n\n<p>Kritiker werfen der Bundesregierung vor, nur Berater ausgew\u00e4hlt zu haben, die einer bestimmten Linie folgen. Eine Wiederherstellung der Wirtschaft sei nicht beabsichtigt.<\/p>\n\n\n\n<p>Der Historiker und emeritierte Yale-Professor Frank Snowden h\u00e4lt eine R\u00fcckkehr zur Normalit\u00e4t weder f\u00fcr m\u00f6glich, noch f\u00fcr w\u00fcnschenswert. Die Virusgefahr geh\u00f6re unausweichlich zur Zukunft, zitiert ihn die Tageszeitung \u201eDie Zeit\u201c. Es stehe ein pandemisches Zeitalter der viralen Lungenkrankheiten bevor, ist dem Blatt zu entnehmen. Im Zuge der Pandemie seien bereits inspirierende und wom\u00f6glich transformative Bewegungen entstanden. Erw\u00e4hnt wird ein Vorhaben, St\u00e4dte so umzubauen, dass die B\u00fcrger innerhalb einer Viertelstunde alle wichtigen Dinge zu Fu\u00df oder mit dem Fahrrad von der Wohnst\u00e4tte aus erreichen k\u00f6nnen.<\/p>\n\n\n\n<p><a href=\"https:\/\/www.zeit.de\/gesellschaft\/2021-02\/frank-snowden-historiker-pandemien-corona-virus-menschheit-gesellschaft-globalisierung\">https:\/\/www.zeit.de\/gesellschaft\/2021-02\/frank-snowden-historiker-pandemien-corona-virus-menschheit-gesellschaft-globalisierung<\/a><\/p>\n\n\n\n<p>Die S\u00fcddeutsche Zeitung berichtete in ihrer Ausgabe vom 28. Januar 2021 davon, dass gew\u00f6hnliche Erk\u00e4ltungsviren dem Menschen k\u00fcnftig gef\u00e4hrlich werden k\u00f6nnten.<\/p>\n","protected":false},"excerpt":{"rendered":"<div class=\"mh-excerpt\"><p>In einer Schaltkonferenz sprachen Angela Merkel und die Ministerpr\u00e4sidenten der L\u00e4nder am 10. Februar 2021 \u00fcber die Fortf\u00fchrung der Corona-Ma\u00dfnahmen. Die Kette der Verl\u00e4ngerungen wird fortgesetzt. N\u00e4chstes formelles Enddatum ist der 7. M\u00e4rz 2021. Gleichzeitig <a class=\"mh-excerpt-more\" href=\"https:\/\/www.studiogera.de\/001\/2021\/02\/11\/verlaengerung-der-restriktionen-bis-7-maerz-2021\/\" title=\"VERL\u00c4NGERUNG DER RESTRIKTIONEN BIS 7. M\u00c4RZ 2021\">[&#8230;]<\/a><\/p>\n<\/div>","protected":false},"author":2,"featured_media":9859,"comment_status":"open","ping_status":"open","sticky":false,"template":"","format":"standard","meta":{"footnotes":""},"categories":[2],"tags":[],"class_list":{"0":"post-14169","1":"post","2":"type-post","3":"status-publish","4":"format-standard","5":"has-post-thumbnail","7":"category-weltweit"},"_links":{"self":[{"href":"https:\/\/www.studiogera.de\/001\/wp-json\/wp\/v2\/posts\/14169","targetHints":{"allow":["GET"]}}],"collection":[{"href":"https:\/\/www.studiogera.de\/001\/wp-json\/wp\/v2\/posts"}],"about":[{"href":"https:\/\/www.studiogera.de\/001\/wp-json\/wp\/v2\/types\/post"}],"author":[{"embeddable":true,"href":"https:\/\/www.studiogera.de\/001\/wp-json\/wp\/v2\/users\/2"}],"replies":[{"embeddable":true,"href":"https:\/\/www.studiogera.de\/001\/wp-json\/wp\/v2\/comments?post=14169"}],"version-history":[{"count":3,"href":"https:\/\/www.studiogera.de\/001\/wp-json\/wp\/v2\/posts\/14169\/revisions"}],"predecessor-version":[{"id":14172,"href":"https:\/\/www.studiogera.de\/001\/wp-json\/wp\/v2\/posts\/14169\/revisions\/14172"}],"wp:featuredmedia":[{"embeddable":true,"href":"https:\/\/www.studiogera.de\/001\/wp-json\/wp\/v2\/media\/9859"}],"wp:attachment":[{"href":"https:\/\/www.studiogera.de\/001\/wp-json\/wp\/v2\/media?parent=14169"}],"wp:term":[{"taxonomy":"category","embeddable":true,"href":"https:\/\/www.studiogera.de\/001\/wp-json\/wp\/v2\/categories?post=14169"},{"taxonomy":"post_tag","embeddable":true,"href":"https:\/\/www.studiogera.de\/001\/wp-json\/wp\/v2\/tags?post=14169"}],"curies":[{"name":"wp","href":"https:\/\/api.w.org\/{rel}","templated":true}]}}