{"id":14184,"date":"2021-02-11T01:29:31","date_gmt":"2021-02-11T00:29:31","guid":{"rendered":"http:\/\/www.studiogera.de\/001\/?p=14184"},"modified":"2021-02-11T01:29:36","modified_gmt":"2021-02-11T00:29:36","slug":"foerdermittel-fuer-demokratieprojekte-beantragen","status":"publish","type":"post","link":"https:\/\/www.studiogera.de\/001\/2021\/02\/11\/foerdermittel-fuer-demokratieprojekte-beantragen\/","title":{"rendered":"F\u00d6RDERMITTEL F\u00dcR DEMOKRATIEPROJEKTE BEANTRAGEN"},"content":{"rendered":"\n<p>Bis zum 31. M\u00e4rz 2021 k\u00f6nnen wieder alle interessierten Vereine oder Verb\u00e4nde ihre Projekteantr\u00e4ge zur F\u00f6rderung der Demokratie in Gera einreichen. Das aktuelle Antragsformular zur Durchf\u00fchrung eines Einzelprojektes kann auf der Internetseite der Partnerschaft f\u00fcr Demokratie in Gera (PfD) unter \u201ewww.demokratie-leben-gera.de\u201c heruntergeladen werden. Dort finden Interessierte auch den \u201eFinanzplan\u201c, die \u201eDatenschutzerkl\u00e4rung\u201c sowie das Formular \u201eHinweise zur Umsetzung und Kontoverbindung\u201c. All diese Formbl\u00e4tter und der Nachweis der Gemeinn\u00fctzigkeit sind f\u00fcr einen erfolgreichen Projektantrag auszuf\u00fcllen und einzureichen.<\/p>\n\n\n\n<p>Den digital ausgef\u00fcllten Antrag sowie alle dazugeh\u00f6rigen Formbl\u00e4tter k\u00f6nnen per Email an \u201eehrenamtszentrale@gera.de\u201c oder \u201einfo@demokratie-leben-gera.de\u201c gesandt werden. Nach dem Versand m\u00fcssen der Antrag und die Formbl\u00e4tter ausgedruckt und unterschrieben werden und als Originale per Post an folgende Adresse:<\/p>\n\n\n\n<p>Stadtverwaltung Gera<br>Abteilung Sport, Ehrenamt und St\u00e4dtepartnerschaften<br>Ehrenamtszentrale<br>Interne Koordinierungsstelle Bundesprogramm \u201eDemokratie leben!\u201c<br>z. Hd. Ren\u00e9 Soboll<br>Kornmarkt 7<br>07545 Gera<\/p>\n\n\n\n<p>Die eingereichten Antr\u00e4ge werden dann Mitte April 2021 durch den Begleitausschuss der PFD beraten und entschieden. F\u00fcr Projektberatungen, weitere Fragen und Unterst\u00fctzung bei der Antragserstellung k\u00f6nnen sich Interessierte an die externe Koordinierungsstelle Gedenkst\u00e4tte Amthordurchgang per elektronischer Post an \u201einfo@demokratie-leben-gera.de\u201c oder fernm\u00fcndlich unter 0365 5527630 wenden.<\/p>\n","protected":false},"excerpt":{"rendered":"<div class=\"mh-excerpt\"><p>Bis zum 31. M\u00e4rz 2021 k\u00f6nnen wieder alle interessierten Vereine oder Verb\u00e4nde ihre Projekteantr\u00e4ge zur F\u00f6rderung der Demokratie in Gera einreichen. Das aktuelle Antragsformular zur Durchf\u00fchrung eines Einzelprojektes kann auf der Internetseite der Partnerschaft f\u00fcr <a class=\"mh-excerpt-more\" href=\"https:\/\/www.studiogera.de\/001\/2021\/02\/11\/foerdermittel-fuer-demokratieprojekte-beantragen\/\" title=\"F\u00d6RDERMITTEL F\u00dcR DEMOKRATIEPROJEKTE BEANTRAGEN\">[&#8230;]<\/a><\/p>\n<\/div>","protected":false},"author":2,"featured_media":1630,"comment_status":"open","ping_status":"open","sticky":false,"template":"","format":"standard","meta":{"footnotes":""},"categories":[16],"tags":[],"class_list":{"0":"post-14184","1":"post","2":"type-post","3":"status-publish","4":"format-standard","5":"has-post-thumbnail","7":"category-kurzmitteilungen"},"_links":{"self":[{"href":"https:\/\/www.studiogera.de\/001\/wp-json\/wp\/v2\/posts\/14184","targetHints":{"allow":["GET"]}}],"collection":[{"href":"https:\/\/www.studiogera.de\/001\/wp-json\/wp\/v2\/posts"}],"about":[{"href":"https:\/\/www.studiogera.de\/001\/wp-json\/wp\/v2\/types\/post"}],"author":[{"embeddable":true,"href":"https:\/\/www.studiogera.de\/001\/wp-json\/wp\/v2\/users\/2"}],"replies":[{"embeddable":true,"href":"https:\/\/www.studiogera.de\/001\/wp-json\/wp\/v2\/comments?post=14184"}],"version-history":[{"count":1,"href":"https:\/\/www.studiogera.de\/001\/wp-json\/wp\/v2\/posts\/14184\/revisions"}],"predecessor-version":[{"id":14185,"href":"https:\/\/www.studiogera.de\/001\/wp-json\/wp\/v2\/posts\/14184\/revisions\/14185"}],"wp:featuredmedia":[{"embeddable":true,"href":"https:\/\/www.studiogera.de\/001\/wp-json\/wp\/v2\/media\/1630"}],"wp:attachment":[{"href":"https:\/\/www.studiogera.de\/001\/wp-json\/wp\/v2\/media?parent=14184"}],"wp:term":[{"taxonomy":"category","embeddable":true,"href":"https:\/\/www.studiogera.de\/001\/wp-json\/wp\/v2\/categories?post=14184"},{"taxonomy":"post_tag","embeddable":true,"href":"https:\/\/www.studiogera.de\/001\/wp-json\/wp\/v2\/tags?post=14184"}],"curies":[{"name":"wp","href":"https:\/\/api.w.org\/{rel}","templated":true}]}}