{"id":14274,"date":"2021-02-26T23:49:51","date_gmt":"2021-02-26T22:49:51","guid":{"rendered":"http:\/\/www.studiogera.de\/001\/?p=14274"},"modified":"2021-02-26T23:49:52","modified_gmt":"2021-02-26T22:49:52","slug":"internationale-lesegenuss-tour-im-mai-in-gera","status":"publish","type":"post","link":"https:\/\/www.studiogera.de\/001\/2021\/02\/26\/internationale-lesegenuss-tour-im-mai-in-gera\/","title":{"rendered":"INTERNATIONALE LESEGENUSS-TOUR IM MAI IN GERA"},"content":{"rendered":"\n<p>Das \u00fcberregionale Projekt \u201eStadtlesen\u201c gastiert von Donnerstag, den 6. Mai, bis Sonntag, den 9. Mai 2021, erstmals in Gera, erstmals in Th\u00fcringen.<\/p>\n\n\n\n<p>Dieses Lesefestival findet unter freiem Himmel bei freiem Eintritt statt und verwandelt allj\u00e4hrlich die sch\u00f6nsten Pl\u00e4tze von 28 ausgew\u00e4hlten St\u00e4dten in Deutschland, \u00d6sterreich und der Schweiz f\u00fcr vier Tage in ein Lesewohnzimmer. Interessierte k\u00f6nnen aus 3000 B\u00fcchern aus dem aktuellen Angebot von 125 Verlagen ausw\u00e4hlen und diese in gem\u00fctlicher Atmosph\u00e4re in Lesem\u00f6beln genie\u00dfen.<\/p>\n\n\n\n<p>Die Lese-Tour f\u00fchrt in diesem Jahr unter anderem durch K\u00f6ln, Heidelberg, Koblenz, Wien, Z\u00fcrich, Bregenz, Innsbruck, Klagenfurt, M\u00fcnchen und Gera.<\/p>\n\n\n\n<p>\u00dcberregionaler Initiator und Veranstalter ist die Innovationswerkstatt Salzburg, die Schirmherrschaft f\u00fcr die Geraer Veranstaltung hat Oberb\u00fcrgermeister Julian Vonarb \u00fcbernommen.<\/p>\n\n\n\n<p>Die urspr\u00fcnglich f\u00fcr Oktober 2020 geplante Veranstaltung konnte wegen der Corona-Verordnungen nicht stattfinden. \u201eDaher freuen wir uns umso mehr, in diesem Jahr mit dabei sein zu k\u00f6nnen und verl\u00e4ngern mit dieser kulturell so besonderen Veranstaltung im Prinzip unser 100-j\u00e4hriges Bibliotheks-Jubil\u00e4um,\u201c zeigt sich Rainer Schmidt, Leiter der Regional- und Stadtbibliothek Gera zufrieden und erg\u00e4nzt: \u201eNat\u00fcrlich k\u00f6nnen wir zum jetzigen Zeitpunkt noch nicht definitiv sagen, unter welchen Rahmenbedingungen die Lesetage stattfinden werden. Wir bleiben optimistisch und hoffen, allen Leseratten in Gera ein einladendes Angebot pr\u00e4sentieren zu k\u00f6nnen.\u201c<\/p>\n\n\n\n<p>Das Programm ist vielf\u00e4ltig: Auf der Leseb\u00fchne rezitieren regionale und \u00fcberregionale Schriftstellerinnen und Schriftsteller aus ihren Werken. Verlage informieren \u00fcber ihre Angebote, Vereine stellen sich vor, Autogrammstunden wird es ebenso wie Literaturgespr\u00e4che geben. Zudem haben noch unbekannte Jungautoren die M\u00f6glichkeit, eigene Texte \u00f6ffentlich vorzutragen. Interessierte, die sich bei der Stadtlesen-Tour in Gera pr\u00e4sentieren m\u00f6chten, sei es als Verein oder als Autor, melden sich bitte telefonisch (0365 838 3356) oder per elektronischer Post (<a href=\"mailto:bibliothek@gera.de\">bibliothek@gera.de<\/a>) in der Bibliothek, damit die Angebote zeitlich und inhaltlich koordiniert werden k\u00f6nnen. Der konkrete Veranstaltungsort wird zeitnah bekannt gegeben.<\/p>\n\n\n\n<p>\u201eIch w\u00fcnsche allen Besuchern der Aktion pr\u00e4chtige, farbenfrohe, bunte Bilder und ein phantastisch phantasievolles StadtLesen. Und vergessen Sie nicht: \u201eLesen IST eine Welt im Kopf!\u201c StadtLesen wird Ihnen diese Welt er\u00f6ffnen. Sie werden staunen, entz\u00fcckt sein, verr\u00fcckt danach sein\u201c l\u00e4dt Sebastian Mettler, Innovationswerkstatt Salzburg zur StadtLesenTour 2021 ein.<\/p>\n","protected":false},"excerpt":{"rendered":"<div class=\"mh-excerpt\"><p>Das \u00fcberregionale Projekt \u201eStadtlesen\u201c gastiert von Donnerstag, den 6. Mai, bis Sonntag, den 9. Mai 2021, erstmals in Gera, erstmals in Th\u00fcringen. Dieses Lesefestival findet unter freiem Himmel bei freiem Eintritt statt und verwandelt allj\u00e4hrlich <a class=\"mh-excerpt-more\" href=\"https:\/\/www.studiogera.de\/001\/2021\/02\/26\/internationale-lesegenuss-tour-im-mai-in-gera\/\" title=\"INTERNATIONALE LESEGENUSS-TOUR IM MAI IN GERA\">[&#8230;]<\/a><\/p>\n<\/div>","protected":false},"author":2,"featured_media":14275,"comment_status":"open","ping_status":"open","sticky":false,"template":"","format":"standard","meta":{"footnotes":""},"categories":[8],"tags":[],"class_list":{"0":"post-14274","1":"post","2":"type-post","3":"status-publish","4":"format-standard","5":"has-post-thumbnail","7":"category-kultur"},"_links":{"self":[{"href":"https:\/\/www.studiogera.de\/001\/wp-json\/wp\/v2\/posts\/14274","targetHints":{"allow":["GET"]}}],"collection":[{"href":"https:\/\/www.studiogera.de\/001\/wp-json\/wp\/v2\/posts"}],"about":[{"href":"https:\/\/www.studiogera.de\/001\/wp-json\/wp\/v2\/types\/post"}],"author":[{"embeddable":true,"href":"https:\/\/www.studiogera.de\/001\/wp-json\/wp\/v2\/users\/2"}],"replies":[{"embeddable":true,"href":"https:\/\/www.studiogera.de\/001\/wp-json\/wp\/v2\/comments?post=14274"}],"version-history":[{"count":1,"href":"https:\/\/www.studiogera.de\/001\/wp-json\/wp\/v2\/posts\/14274\/revisions"}],"predecessor-version":[{"id":14276,"href":"https:\/\/www.studiogera.de\/001\/wp-json\/wp\/v2\/posts\/14274\/revisions\/14276"}],"wp:featuredmedia":[{"embeddable":true,"href":"https:\/\/www.studiogera.de\/001\/wp-json\/wp\/v2\/media\/14275"}],"wp:attachment":[{"href":"https:\/\/www.studiogera.de\/001\/wp-json\/wp\/v2\/media?parent=14274"}],"wp:term":[{"taxonomy":"category","embeddable":true,"href":"https:\/\/www.studiogera.de\/001\/wp-json\/wp\/v2\/categories?post=14274"},{"taxonomy":"post_tag","embeddable":true,"href":"https:\/\/www.studiogera.de\/001\/wp-json\/wp\/v2\/tags?post=14274"}],"curies":[{"name":"wp","href":"https:\/\/api.w.org\/{rel}","templated":true}]}}