{"id":14277,"date":"2021-02-27T00:10:47","date_gmt":"2021-02-26T23:10:47","guid":{"rendered":"http:\/\/www.studiogera.de\/001\/?p=14277"},"modified":"2021-02-27T00:10:48","modified_gmt":"2021-02-26T23:10:48","slug":"schulanmeldungen-fuer-die-zukuenftige-klasse-fuenf-anfang-maerz","status":"publish","type":"post","link":"https:\/\/www.studiogera.de\/001\/2021\/02\/27\/schulanmeldungen-fuer-die-zukuenftige-klasse-fuenf-anfang-maerz\/","title":{"rendered":"SCHULANMELDUNGEN F\u00dcR DIE ZUK\u00dcNFTIGE KLASSE F\u00dcNF ANFANG M\u00c4RZ"},"content":{"rendered":"\n<p>In den ersten beiden M\u00e4rzwochen 2021 finden die Anmeldungen der k\u00fcnftigen 5. Klassen an den weiterf\u00fchrenden Schulen f\u00fcr das Schuljahr 2021\/2022 statt.<\/p>\n\n\n\n<p>F\u00fcr die allgemeinbildenden Gymnasien, die Gemeinschaftsschule und die Gesamtschule gilt der 1. bis 6. M\u00e4rz, f\u00fcr die allgemeinbildenden Regelschulen und das F\u00f6rderzentrum der 8. bis 12. M\u00e4rz, als Anmeldezeitraum.<\/p>\n\n\n\n<p>Im Rahmen der Zeugnisausgabe erhalten die in Gera wohnenden Sch\u00fcler der Klasse 4 an den staatlichen Grundschulen der Stadt Gera ein Informationsschreiben an die Sorgeberechtigten sowie das Schulanmeldeformular. Pandemiebedingt wird die Schulanmeldung an einer staatlichen weiterf\u00fchrenden Schule f\u00fcr das Schuljahr 2021\/2022 ausschlie\u00dflich kontaktlos \u00fcber den Postweg stattfinden.<\/p>\n\n\n\n<p>Bisher erm\u00f6glichte ein \u201eTag der offenen T\u00fcr\u201c der einzelnen Schulen f\u00fcr Sch\u00fclerinnen, Sch\u00fcler und deren Eltern die M\u00f6glichkeit, sich einen pers\u00f6nlichen Eindruck von der jeweiligen Schule zu machen und Fragen zu stellen. Diese Quelle der Informationsbeschaffung entf\u00e4llt in diesem Jahr wegen der Corona-Verordnungen ersatzlos. Um dennoch einen ersten \u00dcberblick \u00fcber die Schulen zu erhalten, gibt es ab sofort eine \u00dcbersicht mit Kurzprofilen. Auf diesem lassen sich mit einem Blick sowohl die unterschiedlichen Abschl\u00fcsse als auch die p\u00e4dagogischen Schwerpunkte, Sprachprofile und m\u00f6gliche Arbeitsgemeinschaften erkennen. Diese ist \u00fcber \u201e<a href=\"https:\/\/gera.de\/schulanmeldungen\">https:\/\/gera.de\/schulanmeldungen<\/a>\u201c abrufbar.<\/p>\n\n\n\n<p>\u201eDie Situation ist f\u00fcr alle schwierig und wir versuchen als Stadtverwaltung zu helfen, um die Sch\u00fclerinnen und Sch\u00fcler der derzeitigen vierten Klassen und deren Eltern bei dieser wegweisenden Entscheidung f\u00fcr die richtige Schule zu unterst\u00fctzen\u201c, so Sandra Wanzar, Dezernentin f\u00fcr Jugend und Soziales. Sie f\u00fchrt weiter aus: \u201eDaher erweitern wir unser Informationsangebot und hoffen, damit dem vorhandenen Bedarf an Informationen Rechnung zu tragen.\u201c<\/p>\n\n\n\n<p>In der Stadt Gera kann entsprechend den individuellen Bed\u00fcrfnissen und F\u00e4higkeiten zwischen den folgenden Schulen gew\u00e4hlt werden: Auf den drei staatlichen Gymnasien, dem \u201eZabel-Gymnasium\u201c, dem \u201eKarl-Theodor-Liebe-Gymnasium\u201c und dem \u201eRutheneum\u201c, kann nach zw\u00f6lf Schuljahren das Abitur abgelegt werden. An der \u201eStaatlichen Integrierten Gesamtschule\u201c wird nach neun Jahren der Hauptschulabschluss, nach zehn Jahren der Realschulabschluss oder nach 13 Jahren die allgemeine Hochschulreife erworben. Die vier Regelschulen \u2013 die \u201eOtto Dix\u201c-Schule, die \u201eDebschwitzer Schule\u201c, \u201eDie Vierte\u201c sowie \u201eDie Bieblacher Schule\u201c bieten die M\u00f6glichkeit einen Hauptschulabschluss und den qualifizierenden Hauptschulabschluss nach der 9. Klasse sowie den Realschulabschluss nach der 10. Klasse zu erhalten.<\/p>\n\n\n\n<p>Die Ostschule bietet ab diesem Jahr besondere Bildungschancen: Die bisherige Regelschule wird ab dem kommenden Schuljahr die erste staatliche Th\u00fcringer Gemeinschaftsschule in der Stadt Gera. Damit k\u00f6nnen an dieser Schule alle Abschl\u00fcsse erworben werden \u2014 Haupt- und Realschulabschluss, und durch Kooperation mit dem \u201eKarl-Theodor-Liebe-Gymnasium\u201c das Abitur nach der 12. Klasse.<\/p>\n\n\n\n<p>QUELLE: STADTVERWALTUNG<\/p>\n","protected":false},"excerpt":{"rendered":"<div class=\"mh-excerpt\"><p>In den ersten beiden M\u00e4rzwochen 2021 finden die Anmeldungen der k\u00fcnftigen 5. Klassen an den weiterf\u00fchrenden Schulen f\u00fcr das Schuljahr 2021\/2022 statt. F\u00fcr die allgemeinbildenden Gymnasien, die Gemeinschaftsschule und die Gesamtschule gilt der 1. bis <a class=\"mh-excerpt-more\" href=\"https:\/\/www.studiogera.de\/001\/2021\/02\/27\/schulanmeldungen-fuer-die-zukuenftige-klasse-fuenf-anfang-maerz\/\" title=\"SCHULANMELDUNGEN F\u00dcR DIE ZUK\u00dcNFTIGE KLASSE F\u00dcNF ANFANG M\u00c4RZ\">[&#8230;]<\/a><\/p>\n<\/div>","protected":false},"author":2,"featured_media":12549,"comment_status":"open","ping_status":"open","sticky":false,"template":"","format":"standard","meta":{"footnotes":""},"categories":[16],"tags":[],"class_list":{"0":"post-14277","1":"post","2":"type-post","3":"status-publish","4":"format-standard","5":"has-post-thumbnail","7":"category-kurzmitteilungen"},"_links":{"self":[{"href":"https:\/\/www.studiogera.de\/001\/wp-json\/wp\/v2\/posts\/14277","targetHints":{"allow":["GET"]}}],"collection":[{"href":"https:\/\/www.studiogera.de\/001\/wp-json\/wp\/v2\/posts"}],"about":[{"href":"https:\/\/www.studiogera.de\/001\/wp-json\/wp\/v2\/types\/post"}],"author":[{"embeddable":true,"href":"https:\/\/www.studiogera.de\/001\/wp-json\/wp\/v2\/users\/2"}],"replies":[{"embeddable":true,"href":"https:\/\/www.studiogera.de\/001\/wp-json\/wp\/v2\/comments?post=14277"}],"version-history":[{"count":1,"href":"https:\/\/www.studiogera.de\/001\/wp-json\/wp\/v2\/posts\/14277\/revisions"}],"predecessor-version":[{"id":14278,"href":"https:\/\/www.studiogera.de\/001\/wp-json\/wp\/v2\/posts\/14277\/revisions\/14278"}],"wp:featuredmedia":[{"embeddable":true,"href":"https:\/\/www.studiogera.de\/001\/wp-json\/wp\/v2\/media\/12549"}],"wp:attachment":[{"href":"https:\/\/www.studiogera.de\/001\/wp-json\/wp\/v2\/media?parent=14277"}],"wp:term":[{"taxonomy":"category","embeddable":true,"href":"https:\/\/www.studiogera.de\/001\/wp-json\/wp\/v2\/categories?post=14277"},{"taxonomy":"post_tag","embeddable":true,"href":"https:\/\/www.studiogera.de\/001\/wp-json\/wp\/v2\/tags?post=14277"}],"curies":[{"name":"wp","href":"https:\/\/api.w.org\/{rel}","templated":true}]}}