{"id":14298,"date":"2021-02-28T12:24:50","date_gmt":"2021-02-28T11:24:50","guid":{"rendered":"http:\/\/www.studiogera.de\/001\/?p=14298"},"modified":"2021-02-28T12:26:42","modified_gmt":"2021-02-28T11:26:42","slug":"einsturz-im-einstigen-gasthaus-zum-lindenthal","status":"publish","type":"post","link":"https:\/\/www.studiogera.de\/001\/2021\/02\/28\/einsturz-im-einstigen-gasthaus-zum-lindenthal\/","title":{"rendered":"EINSTURZ IM EINSTIGEN \u201eGASTHAUS ZUM LINDENTHAL\u201c"},"content":{"rendered":"\n<p>In der Nacht vom 27. zum 28. Februar meldete die Landeseinsatzzentrale der Th\u00fcringer Polizei gegen 23.30 Uhr den Einsturz von Geb\u00e4udeteilen am ehemaligen Lokal \u201eWintergarten\u201c. Es bestand zudem der Verdacht, dass sich noch Personen im inneren des Geb\u00e4udes aufhalten, wie mitgeteilt wurde.<\/p>\n\n\n\n<p>Die Zentrale Leistelle in Bieblach alarmierte daraufhin die hauptamtlichen Kr\u00e4fte der Geraer Feuerwehr, die H\u00f6henrettungsgruppe sowie die Liebschwitzer Feuerwehr, Fachberater des Ortsverbandes Gera des Technischen Hilfswerkes, der DRK-Bereitschaft, und des \u00f6rtlichen ASB Sanit\u00e4tsdienstes, sowie den F\u00fchrungsdienst Stufe C. Das meldete die Feuerwehr.<\/p>\n\n\n\n<p>Das Dach des Geb\u00e4udes war in Teilen \u00fcber drei Etagen tief bis in den Keller gest\u00fcrzt. Sofort begann die Suche nach den eventuell Versch\u00fctteten. Mittels W\u00e4rmebildkameras wurde der Innenraum unter Beachtung des Eigenschutzes abgesucht. Es konnte bislang niemand aufgefunden werden. Zur Unterst\u00fctzung der Suche wurde in Absprache mit dem Fachberater vom THW ein Suchhund angefordert. Dieser war nach 20 Minuten an der Einsatzstelle und begann mit der Suche im Inneren. Da sich der Verdacht, dass sich noch Personen im Geb\u00e4ude befinden, nicht best\u00e4tigte, wurde die Suche eingestellt. Es \u00fcbernahm die Einsatzstelle der Polizei.<\/p>\n\n\n\n<p>Das im Jahre 1851 errichtete \u201eGasthaus zum Lindenthal\u201c ist bereits seit langer Zeit einsturzgef\u00e4hrdet. Im September 2020 musste deswegen ein Stra\u00dfenbereich nahe dem Geb\u00e4ude gesperrt werden. Innerhalb des Geb\u00e4udes war es schon in den vergangenen Jahren zu Einst\u00fcrzen gekommen.<\/p>\n","protected":false},"excerpt":{"rendered":"<div class=\"mh-excerpt\"><p>In der Nacht vom 27. zum 28. Februar meldete die Landeseinsatzzentrale der Th\u00fcringer Polizei gegen 23.30 Uhr den Einsturz von Geb\u00e4udeteilen am ehemaligen Lokal \u201eWintergarten\u201c. Es bestand zudem der Verdacht, dass sich noch Personen im <a class=\"mh-excerpt-more\" href=\"https:\/\/www.studiogera.de\/001\/2021\/02\/28\/einsturz-im-einstigen-gasthaus-zum-lindenthal\/\" title=\"EINSTURZ IM EINSTIGEN \u201eGASTHAUS ZUM LINDENTHAL\u201c\">[&#8230;]<\/a><\/p>\n<\/div>","protected":false},"author":2,"featured_media":11738,"comment_status":"open","ping_status":"open","sticky":false,"template":"","format":"standard","meta":{"footnotes":""},"categories":[13],"tags":[],"class_list":{"0":"post-14298","1":"post","2":"type-post","3":"status-publish","4":"format-standard","5":"has-post-thumbnail","7":"category-polizeiberichte"},"_links":{"self":[{"href":"https:\/\/www.studiogera.de\/001\/wp-json\/wp\/v2\/posts\/14298","targetHints":{"allow":["GET"]}}],"collection":[{"href":"https:\/\/www.studiogera.de\/001\/wp-json\/wp\/v2\/posts"}],"about":[{"href":"https:\/\/www.studiogera.de\/001\/wp-json\/wp\/v2\/types\/post"}],"author":[{"embeddable":true,"href":"https:\/\/www.studiogera.de\/001\/wp-json\/wp\/v2\/users\/2"}],"replies":[{"embeddable":true,"href":"https:\/\/www.studiogera.de\/001\/wp-json\/wp\/v2\/comments?post=14298"}],"version-history":[{"count":2,"href":"https:\/\/www.studiogera.de\/001\/wp-json\/wp\/v2\/posts\/14298\/revisions"}],"predecessor-version":[{"id":14300,"href":"https:\/\/www.studiogera.de\/001\/wp-json\/wp\/v2\/posts\/14298\/revisions\/14300"}],"wp:featuredmedia":[{"embeddable":true,"href":"https:\/\/www.studiogera.de\/001\/wp-json\/wp\/v2\/media\/11738"}],"wp:attachment":[{"href":"https:\/\/www.studiogera.de\/001\/wp-json\/wp\/v2\/media?parent=14298"}],"wp:term":[{"taxonomy":"category","embeddable":true,"href":"https:\/\/www.studiogera.de\/001\/wp-json\/wp\/v2\/categories?post=14298"},{"taxonomy":"post_tag","embeddable":true,"href":"https:\/\/www.studiogera.de\/001\/wp-json\/wp\/v2\/tags?post=14298"}],"curies":[{"name":"wp","href":"https:\/\/api.w.org\/{rel}","templated":true}]}}