{"id":14302,"date":"2021-03-01T09:25:38","date_gmt":"2021-03-01T08:25:38","guid":{"rendered":"http:\/\/www.studiogera.de\/001\/?p=14302"},"modified":"2021-03-01T09:25:40","modified_gmt":"2021-03-01T08:25:40","slug":"wohnhausbrand-in-ronneburg","status":"publish","type":"post","link":"https:\/\/www.studiogera.de\/001\/2021\/03\/01\/wohnhausbrand-in-ronneburg\/","title":{"rendered":"WOHNHAUSBRAND IN RONNEBURG"},"content":{"rendered":"\n<p>Feuerwehr und Polizei waren am 28. Februar am 7 Uhr in der Ronneburger Innenstadt aufgrund eines Wohnhausbrandes im Einsatz. Nach gegenw\u00e4rtigen Erkenntnissen griff das Feuer auf ein weiteres, angrenzendes Wohnhaus \u00fcber und besch\u00e4digte beide Geb\u00e4ude stark. Eine Person erlitt leichte Verletzungen. Eine weitere Person wurde durch die Feuerwehr unverletzt evakuiert. Zur Unterst\u00fctzung der Feuerwehr wurde das Technische Hilfswerk hinzugezogen. Die Kriminalpolizei hat die Ermittlungen zur Brandursache aufgenommen.<\/p>\n","protected":false},"excerpt":{"rendered":"<div class=\"mh-excerpt\"><p>Feuerwehr und Polizei waren am 28. Februar am 7 Uhr in der Ronneburger Innenstadt aufgrund eines Wohnhausbrandes im Einsatz. Nach gegenw\u00e4rtigen Erkenntnissen griff das Feuer auf ein weiteres, angrenzendes Wohnhaus \u00fcber und besch\u00e4digte beide Geb\u00e4ude <a class=\"mh-excerpt-more\" href=\"https:\/\/www.studiogera.de\/001\/2021\/03\/01\/wohnhausbrand-in-ronneburg\/\" title=\"WOHNHAUSBRAND IN RONNEBURG\">[&#8230;]<\/a><\/p>\n<\/div>","protected":false},"author":3,"featured_media":9362,"comment_status":"open","ping_status":"open","sticky":false,"template":"","format":"standard","meta":{"footnotes":""},"categories":[13],"tags":[],"class_list":{"0":"post-14302","1":"post","2":"type-post","3":"status-publish","4":"format-standard","5":"has-post-thumbnail","7":"category-polizeiberichte"},"_links":{"self":[{"href":"https:\/\/www.studiogera.de\/001\/wp-json\/wp\/v2\/posts\/14302","targetHints":{"allow":["GET"]}}],"collection":[{"href":"https:\/\/www.studiogera.de\/001\/wp-json\/wp\/v2\/posts"}],"about":[{"href":"https:\/\/www.studiogera.de\/001\/wp-json\/wp\/v2\/types\/post"}],"author":[{"embeddable":true,"href":"https:\/\/www.studiogera.de\/001\/wp-json\/wp\/v2\/users\/3"}],"replies":[{"embeddable":true,"href":"https:\/\/www.studiogera.de\/001\/wp-json\/wp\/v2\/comments?post=14302"}],"version-history":[{"count":1,"href":"https:\/\/www.studiogera.de\/001\/wp-json\/wp\/v2\/posts\/14302\/revisions"}],"predecessor-version":[{"id":14303,"href":"https:\/\/www.studiogera.de\/001\/wp-json\/wp\/v2\/posts\/14302\/revisions\/14303"}],"wp:featuredmedia":[{"embeddable":true,"href":"https:\/\/www.studiogera.de\/001\/wp-json\/wp\/v2\/media\/9362"}],"wp:attachment":[{"href":"https:\/\/www.studiogera.de\/001\/wp-json\/wp\/v2\/media?parent=14302"}],"wp:term":[{"taxonomy":"category","embeddable":true,"href":"https:\/\/www.studiogera.de\/001\/wp-json\/wp\/v2\/categories?post=14302"},{"taxonomy":"post_tag","embeddable":true,"href":"https:\/\/www.studiogera.de\/001\/wp-json\/wp\/v2\/tags?post=14302"}],"curies":[{"name":"wp","href":"https:\/\/api.w.org\/{rel}","templated":true}]}}