{"id":14304,"date":"2021-03-02T11:05:36","date_gmt":"2021-03-02T10:05:36","guid":{"rendered":"http:\/\/www.studiogera.de\/001\/?p=14304"},"modified":"2021-03-02T11:05:40","modified_gmt":"2021-03-02T10:05:40","slug":"oeffentliche-aktion-auf-dem-museumsplatz","status":"publish","type":"post","link":"https:\/\/www.studiogera.de\/001\/2021\/03\/02\/oeffentliche-aktion-auf-dem-museumsplatz\/","title":{"rendered":"\u00d6FFENTLICHE AKTION AUF DEM MUSEUMSPLATZ"},"content":{"rendered":"\n<p>Anl\u00e4sslich des Internationalen Frauentages laden gemeinsam die Frauen des Deutschen Gewerkschaftsbundes, die Gleichstellungsbeauftragte der Stadt Gera, Dr. Lilia Uslowa, sowie die Interventionsstelle f\u00fcr Betroffene von h\u00e4uslicher Gewalt, zu einer \u00f6ffentlichen Aktion am 8. M\u00e4rz 2021 in der Zeit von 11 Uhr bis 13 Uhr auf den Geraer Museumsplatz ein. Unter dem Motto \u201eKein R\u00fcckschritt f\u00fcr Gleichstellung! Frauen d\u00fcrfen nicht die Verliererinnen der Corona-Krise sein\u201c soll auf die enormen Herausforderungen und auf gewerkschaftliche sowie gesellschaftliche Forderungen an die Politik aufmerksam gemacht werden. \u201eDas vergangene Jahr hat die Grenzen an Flexibilit\u00e4t, Durchhalteverm\u00f6gen, Ver\u00e4nderungsbereitschaft so stark gefordert wie nie zuvor. H\u00f6here Arbeitslosigkeit und Kurzarbeit \u2013 die Corona-Krise hinterl\u00e4sst im Lohn- und sp\u00e4ter im Rentenbereich negativen Spuren. Die sinkenden Nominall\u00f6hne ziehen schwerwiegenden Folgen f\u00fcr die Wirtschaft und das gesellschaftliche Leben nach sich. Es wird bef\u00fcrchtet, dass das Thema Gleichstellung bzw. Gleichbehandlung unter den Tisch f\u00e4llt. Aber nein: Das Interesse an Gleichstellung, Genderqualtiy, Equalcareer und Chancengleichheit ist weiterhin hoch und aktueller denn je\u201c, erkl\u00e4rt Frau Dr. Uslowa.<\/p>\n\n\n\n<p>Die Fotografieausstellung \u201eFrauenportr\u00e4ts\u201c mit Begleittexten \u00fcber starke Geraer Frauen ist vom 8. M\u00e4rz 2021 bis 19. M\u00e4rz 2021 in der Einkaufsst\u00e4tte \u201eGera-Arcaden\u201c zu sehen. Geraer Frauen erz\u00e4hlen ihre Lebensgeschichten und lassen uns teilhaben, wie sie ihre ganz pers\u00f6nlichen H\u00fcrden meistern. Die Biografien sind authentisch, pers\u00f6nlich und Mut machend zugleich. \u201eWir wollen anl\u00e4sslich des Internationalen Frauentags durch kraftvolle Fotographien und Texte auf die nach wie vor f\u00fcr Frauen existierenden Missst\u00e4nde in der Gesellschaft aufmerksam machen\u201c, so Uslowa weiter. Die Ausstellung &#8222;Frauenportr\u00e4ts&#8220; ist ein Kooperationsprojekt, initiiert und koordiniert von Petra Meyenberg und Fanny Z\u00f6lsmann.<\/p>\n\n\n\n<p>Anhand von Bildern ausgew\u00e4hlter K\u00fcnstler und K\u00fcnstlerinnen pr\u00e4sentieren die Gleichstellungsbeauftragte der Stadt Gera, Dr. Lilia Uslowa, und die wissenschaftliche Mitarbeiterin der Kunstsammlung Gera, Dr. Claudia Sch\u00f6njahn,\u00a0 in einem Dialog K\u00fcnstlerpaare und ihre Werke und stellen klischeehafte Sichtweisen und Fakten gegen\u00fcber. Ein Bild-Vortrag findet dazu am 29. September in der Geraer Volkshochschule Aenne Biermann statt. Im Fokus stehen diverse Lebensmodelle von ausgew\u00e4hlten K\u00fcnstlern und K\u00fcnstlerinnen, die \u00fcber verschiedenste Nuancen von der Aufgabe der eigenen k\u00fcnstlerischen Ambitionen bis hin zu gleichberechtigter Partnerschaft mit ebenb\u00fcrtiger k\u00fcnstlerischer Anerkennung reicht.<\/p>\n\n\n\n<p>F\u00fcr weitere Informationen steht die Gleichstellungsbeauftragte, Frau Dr. Lilia Uslowa, unter der Rufnummer 0365 8381050 sowie \u00fcber \u201egleichstellungsbeauftragte@gera.de\u201c zur Verf\u00fcgung.<\/p>\n\n\n\n<p>QUELLE: STADTVERWALTUNG<\/p>\n","protected":false},"excerpt":{"rendered":"<div class=\"mh-excerpt\"><p>Anl\u00e4sslich des Internationalen Frauentages laden gemeinsam die Frauen des Deutschen Gewerkschaftsbundes, die Gleichstellungsbeauftragte der Stadt Gera, Dr. Lilia Uslowa, sowie die Interventionsstelle f\u00fcr Betroffene von h\u00e4uslicher Gewalt, zu einer \u00f6ffentlichen Aktion am 8. M\u00e4rz 2021 <a class=\"mh-excerpt-more\" href=\"https:\/\/www.studiogera.de\/001\/2021\/03\/02\/oeffentliche-aktion-auf-dem-museumsplatz\/\" title=\"\u00d6FFENTLICHE AKTION AUF DEM MUSEUMSPLATZ\">[&#8230;]<\/a><\/p>\n<\/div>","protected":false},"author":2,"featured_media":14305,"comment_status":"open","ping_status":"open","sticky":false,"template":"","format":"standard","meta":{"footnotes":""},"categories":[6],"tags":[],"class_list":{"0":"post-14304","1":"post","2":"type-post","3":"status-publish","4":"format-standard","5":"has-post-thumbnail","7":"category-gesellschaft"},"_links":{"self":[{"href":"https:\/\/www.studiogera.de\/001\/wp-json\/wp\/v2\/posts\/14304","targetHints":{"allow":["GET"]}}],"collection":[{"href":"https:\/\/www.studiogera.de\/001\/wp-json\/wp\/v2\/posts"}],"about":[{"href":"https:\/\/www.studiogera.de\/001\/wp-json\/wp\/v2\/types\/post"}],"author":[{"embeddable":true,"href":"https:\/\/www.studiogera.de\/001\/wp-json\/wp\/v2\/users\/2"}],"replies":[{"embeddable":true,"href":"https:\/\/www.studiogera.de\/001\/wp-json\/wp\/v2\/comments?post=14304"}],"version-history":[{"count":1,"href":"https:\/\/www.studiogera.de\/001\/wp-json\/wp\/v2\/posts\/14304\/revisions"}],"predecessor-version":[{"id":14306,"href":"https:\/\/www.studiogera.de\/001\/wp-json\/wp\/v2\/posts\/14304\/revisions\/14306"}],"wp:featuredmedia":[{"embeddable":true,"href":"https:\/\/www.studiogera.de\/001\/wp-json\/wp\/v2\/media\/14305"}],"wp:attachment":[{"href":"https:\/\/www.studiogera.de\/001\/wp-json\/wp\/v2\/media?parent=14304"}],"wp:term":[{"taxonomy":"category","embeddable":true,"href":"https:\/\/www.studiogera.de\/001\/wp-json\/wp\/v2\/categories?post=14304"},{"taxonomy":"post_tag","embeddable":true,"href":"https:\/\/www.studiogera.de\/001\/wp-json\/wp\/v2\/tags?post=14304"}],"curies":[{"name":"wp","href":"https:\/\/api.w.org\/{rel}","templated":true}]}}