{"id":14323,"date":"2021-03-02T12:16:58","date_gmt":"2021-03-02T11:16:58","guid":{"rendered":"http:\/\/www.studiogera.de\/001\/?p=14323"},"modified":"2021-03-02T12:17:00","modified_gmt":"2021-03-02T11:17:00","slug":"das-jugendwohnheim-in-der-berliner-strasse-138","status":"publish","type":"post","link":"https:\/\/www.studiogera.de\/001\/2021\/03\/02\/das-jugendwohnheim-in-der-berliner-strasse-138\/","title":{"rendered":"DAS JUGENDWOHNHEIM IN DER BERLINER STRASSE 138"},"content":{"rendered":"\n<p>\u201eAlte Villa, junge Menschen!\u201c \u2014 mit diesem Leitspruch ist die Brosch\u00fcre des Jugendwohnheims in der Berliner Stra\u00dfe 138 \u00fcberschrieben. Denn in dem um 1900 erbauten Geb\u00e4ude w\u00fcrde man nicht sofort ein Kinder- und Jugendheim vermuten. Am Freitag, den 26. Februar, traf sich Geras Oberb\u00fcrgermeister Julian Vonarb mit dem Gesch\u00e4ftsf\u00fchrer der Sparkasse Gera-Greiz, S\u00f6ren Albert, und dem Gesch\u00e4ftsf\u00fchrer der Firma Gera-Web, Ingo S\u00fc\u00df, vor Ort und statteten Frau Juliane Zander und Frau Doreen Baumann einen Besuch ab. Die Netzwerkpartner unterst\u00fctzten tatkr\u00e4ftig in den vergangenen Wochen die Einrichtung. \u201eMeine Aufgabe ist es, T\u00fcren zu \u00f6ffnen\u201c, so Vonarb. \u201eBei einem vorangegangenen Termin mit Frau Baumann zu einem ganz anderen Thema kamen wir auf Ihre T\u00e4tigkeit hier im Jugendwohnheim zu sprechen. Dabei erfuhr ich, dass es leider an allen Ecken und Enden fehlt \u2013 vor allem bei moderner Technik, mit der die jungen Bewohner Hausaufgaben und Projektarbeiten erledigen k\u00f6nnen. Ein weiterer Wunsch war ein Freizeitraum, in dem die Jugendlichen einen Ausgleich finden und sich spielerisch ablenken k\u00f6nnen. Durch meine Kontakte wusste ich gleich, wer hier helfen kann.\u201c<\/p>\n\n\n\n<p>Mit der Gestaltung des Freizeitraums wurde bereits begonnen. \u201eDie Sparkasse Gera-Greiz erf\u00fcllt einen \u00f6ffentlichen Auftrag. Wir unterst\u00fctzen unz\u00e4hlige soziale Projekte, spenden an Einrichtungen wie diese und unterst\u00fctzen j\u00e4hrlich mit rund 400&#8217;000 Euro Gera und die Region. Wir sind Teil der Gemeinschaft und daf\u00fcr stehen wir\u201c, erkl\u00e4rt S\u00f6ren Albert. Stolz nahmen die beiden Betreuerinnen den symbolischen Scheck in H\u00f6he von 800 Euro von Herrn Albert entgegen.<\/p>\n\n\n\n<p>F\u00fcr die dringend ben\u00f6tigte Technik war ebenfalls schnell ein Partner gefunden. Gera-Web sponserte in der Vergangenheit bereits technische Ger\u00e4te f\u00fcr Schulen und Vereine. Dass sich ein Kinder- und Jugendwohnheim einreiht, bedeutet Ingo S\u00fc\u00df sehr viel. \u201eWir bekommen sehr viele Unterst\u00fctzungsanfragen. Es f\u00e4llt manchmal schwer zu beurteilen, wo Hilfe am sinnvollsten und notwenigsten ist. Hier war es offensichtlich.\u201c Technische Ger\u00e4te im Wert von rund 1500 Euro stellte die Firma Gera-Web f\u00fcr die Modernisierung und Digitalisierung des Internetcaf\u00e9s zur Verf\u00fcgung. \u201eJetzt m\u00fcssen die Hausaufgaben nicht mehr vom Papier abfotografiert werden, um sie dann irgendwie \u00fcber drei Ecken dem Lehrer zu schicken. Endlich k\u00f6nnen unsere Jugendlichen mit heutigen Standards arbeiten. Eine wirkliche Vereinfachung auch beim Homeschooling\u201c, freut sich Frau Baumann. Und die Erzieherin Frau Zander f\u00fcgt hinzu: \u201eUns fehlt es allerdings auch an Kleinigkeiten. Wir freuen uns auch \u00fcber Handt\u00fccher oder Bettw\u00e4sche, Drogeriegutscheine sind auch toll, denn monatlich haben die Bewohner nur knapp 8 Euro Kosmetikgeld.\u201c<\/p>\n\n\n\n<p>Derzeit betreuen acht Erzieherinnen insgesamt 14 Jugendliche sowie vier junge M\u00fctter mit f\u00fcnf Kindern. Die Einrichtung geh\u00f6rt zum Internationalen Bund (IB). Dieser ist mit rund 14&#8217;000 Mitarbeitern einer der gro\u00dfen Dienstleister in der Jugend- Sozial und Bildungsarbeit. Die IB Mitte gGmbH ist eine Tochtergesellschaft des Vereins und besch\u00e4ftigt in Th\u00fcringen, Sachsen und Sachsen-Anhalt rund 2200 Kolleginnen und Kollegen. Zus\u00e4tzlich ist Einrichtung seit 2019 Ausbildungstr\u00e4ger an der Dualen Hochschule Gera-Eisenach und bildet eine Studentin aus. Ziel des Angebots ist die Unterst\u00fctzung der jungen Hilfebed\u00fcrftigen beim Erlernen einer geordneten Tagesstruktur und beim \u00dcbergang in ein Leben ohne fremde Hilfe. Dabei geh\u00f6rt im Anschluss an einen Auszug eine Nachbetreuung in der eigenen Wohneinheit mit zum \u201eRundum-Packet\u201c. Das speziell ausgebildete Personal sorgt zus\u00e4tzlich f\u00fcr die F\u00f6rderung sozialer und emotionaler Alltagskompetenzen, hilft beim Gesundheits- und Hygienebewusstsein und unterst\u00fctzt bei der schulischen Entwicklung sowie dar\u00fcber hinaus.<\/p>\n\n\n\n<p>IB Mitte gGmbH<br>Jugendwohnheim<br>Berliner Stra\u00dfe 138<br>07545 Gera<\/p>\n\n\n\n<p>Telefon: 0365 22058<br>elektronische Post: andre.altstaedt@ib.de<\/p>\n\n\n\n<p>QUELLE: STADTVERWALTUNG<\/p>\n","protected":false},"excerpt":{"rendered":"<div class=\"mh-excerpt\"><p>\u201eAlte Villa, junge Menschen!\u201c \u2014 mit diesem Leitspruch ist die Brosch\u00fcre des Jugendwohnheims in der Berliner Stra\u00dfe 138 \u00fcberschrieben. Denn in dem um 1900 erbauten Geb\u00e4ude w\u00fcrde man nicht sofort ein Kinder- und Jugendheim vermuten. <a class=\"mh-excerpt-more\" href=\"https:\/\/www.studiogera.de\/001\/2021\/03\/02\/das-jugendwohnheim-in-der-berliner-strasse-138\/\" title=\"DAS JUGENDWOHNHEIM IN DER BERLINER STRASSE 138\">[&#8230;]<\/a><\/p>\n<\/div>","protected":false},"author":2,"featured_media":14324,"comment_status":"open","ping_status":"open","sticky":false,"template":"","format":"standard","meta":{"footnotes":""},"categories":[3],"tags":[],"class_list":{"0":"post-14323","1":"post","2":"type-post","3":"status-publish","4":"format-standard","5":"has-post-thumbnail","7":"category-lokal"},"_links":{"self":[{"href":"https:\/\/www.studiogera.de\/001\/wp-json\/wp\/v2\/posts\/14323","targetHints":{"allow":["GET"]}}],"collection":[{"href":"https:\/\/www.studiogera.de\/001\/wp-json\/wp\/v2\/posts"}],"about":[{"href":"https:\/\/www.studiogera.de\/001\/wp-json\/wp\/v2\/types\/post"}],"author":[{"embeddable":true,"href":"https:\/\/www.studiogera.de\/001\/wp-json\/wp\/v2\/users\/2"}],"replies":[{"embeddable":true,"href":"https:\/\/www.studiogera.de\/001\/wp-json\/wp\/v2\/comments?post=14323"}],"version-history":[{"count":1,"href":"https:\/\/www.studiogera.de\/001\/wp-json\/wp\/v2\/posts\/14323\/revisions"}],"predecessor-version":[{"id":14325,"href":"https:\/\/www.studiogera.de\/001\/wp-json\/wp\/v2\/posts\/14323\/revisions\/14325"}],"wp:featuredmedia":[{"embeddable":true,"href":"https:\/\/www.studiogera.de\/001\/wp-json\/wp\/v2\/media\/14324"}],"wp:attachment":[{"href":"https:\/\/www.studiogera.de\/001\/wp-json\/wp\/v2\/media?parent=14323"}],"wp:term":[{"taxonomy":"category","embeddable":true,"href":"https:\/\/www.studiogera.de\/001\/wp-json\/wp\/v2\/categories?post=14323"},{"taxonomy":"post_tag","embeddable":true,"href":"https:\/\/www.studiogera.de\/001\/wp-json\/wp\/v2\/tags?post=14323"}],"curies":[{"name":"wp","href":"https:\/\/api.w.org\/{rel}","templated":true}]}}