{"id":14326,"date":"2021-03-02T12:24:56","date_gmt":"2021-03-02T11:24:56","guid":{"rendered":"http:\/\/www.studiogera.de\/001\/?p=14326"},"modified":"2021-03-02T12:24:57","modified_gmt":"2021-03-02T11:24:57","slug":"termine-fuer-das-geraer-impfzentrum-verfuegbar","status":"publish","type":"post","link":"https:\/\/www.studiogera.de\/001\/2021\/03\/02\/termine-fuer-das-geraer-impfzentrum-verfuegbar\/","title":{"rendered":"TERMINE F\u00dcR DAS GERAER IMPFZENTRUM VERF\u00dcGBAR"},"content":{"rendered":"\n<p>Am kommenden Mittwoch, den 10. M\u00e4rz 2021, er\u00f6ffnet in der Panndorfhalle ein gro\u00dfes Impfzentrum, in dem t\u00e4glich bis zu 2100 Menschen eine Impfung gegen \u201eCovid-19\u201c erhalten k\u00f6nnen. Seit kurzem ist es m\u00f6glich, per Internet oder Telefon Termine f\u00fcr eine Impfung zu buchen. \u00dcber \u201ewww.impfen-thueringen.de\u201c oder \u00fcber die Rufnummer 03643 4950490 ist dies f\u00fcr Personen der Priorisierungsgruppen 1, 2.1 sowie 2.2, die j\u00fcnger als 65 Jahre sind, m\u00f6glich. Dazu geh\u00f6ren:<\/p>\n\n\n\n<p>\u2026 Personal mit hohem Expositionsrisiko in medizinischen Einrichtungen mit Patientenkontakt<\/p>\n\n\n\n<p>\u2026 Personen mit einer Demenz oder geistigen Behinderung in station\u00e4ren oder teilstation\u00e4ren Einrichtungen<\/p>\n\n\n\n<p>\u2026 Bedienstete in der ambulanten oder station\u00e4ren Versorgung von Personen mit Demenz oder geistiger Behinderung<\/p>\n\n\n\n<p>\u2026 Personen mit Down-Syndrom (Trisomie 21)<\/p>\n\n\n\n<p>\u2026 Personen, die im Rahmen der nach Landesrecht anerkannten Angebote zur Unterst\u00fctzung im Alltag im Sinne des \u00a7 45a des Elften Buches Sozialgesetzbuch regelm\u00e4\u00dfig bei \u00e4lteren oder pflegebed\u00fcrftigen Menschen t\u00e4tig sind<\/p>\n\n\n\n<p>\u2026 Personen, die in Kinderbetreuungseinrichtungen, in der Kindertagespflege und in Grundschulen, Sonderschulen oder F\u00f6rderschulen t\u00e4tig sind<br>\u2026 Personen mit Vorerkrankungen mit hohem Risiko f\u00fcr einen schweren COVID-19-Verlauf<\/p>\n\n\n\n<p>\u2026 Bewohner, falls sie sich im Impfalter befinden, und Bedienstete in Gemeinschaftsunterk\u00fcnften f\u00fcr vollziehbar Ausreisepflichtige, Fl\u00fcchtlinge und Sp\u00e4taussiedler sowie in Obdachlosenunterk\u00fcnften und Frauenh\u00e4usern<\/p>\n\n\n\n<p>\u2026 bis zu zwei enge Kontaktpersonen von pflegebed\u00fcrftigen Personen \u00fcber 70 Jahren und\/oder mit Vorerkrankungen, die nicht in einer Einrichtung leben, und bis zu zwei enge Kontaktpersonen von schwangeren Frauen<\/p>\n\n\n\n<p>\u2026 Personal in medizinischen Einrichtungen mit moderatem Expositionsrisiko<\/p>\n\n\n\n<p>\u2026 Personal in Positionen, die f\u00fcr die Aufrechterhaltung der Krankenhausinfrastruktur besonders relevant sind<\/p>\n\n\n\n<p>\u2026 Personal des \u00d6ffentlichen Gesundheitsdienstes ohne Patientenkontakt<\/p>\n\n\n\n<p>Nach der Impfverordnung der Bundesregierung ben\u00f6tigen Menschen mit Vorerkrankungen ein \u00e4rztliches Attest, damit sie ihren Anspruch auf eine Impfung nachweisen k\u00f6nnen. Betroffene k\u00f6nnen diese Best\u00e4tigung auch telefonisch beim betreuenden Arzt\/bei der betreuenden \u00c4rztin anfordern und sich dann per Post zuschicken lassen.<\/p>\n\n\n\n<p>Dazu Geras Oberb\u00fcrgermeister Julian Vonarb: \u201eWenn Sie zu den genannten Gruppen geh\u00f6ren, dann nutzen Sie bitte die Gelegenheit, sich hier vor Ort impfen zu lassen. Der Weg zur\u00fcck zur Normalit\u00e4t ist eng mit einer Impfung verkn\u00fcpft. Je eher wir eine hohe Impfquote erreichen, umso besser.\u201c<\/p>\n\n\n\n<p>QUELLE: STADTVERWALTUNG<\/p>\n","protected":false},"excerpt":{"rendered":"<div class=\"mh-excerpt\"><p>Am kommenden Mittwoch, den 10. M\u00e4rz 2021, er\u00f6ffnet in der Panndorfhalle ein gro\u00dfes Impfzentrum, in dem t\u00e4glich bis zu 2100 Menschen eine Impfung gegen \u201eCovid-19\u201c erhalten k\u00f6nnen. Seit kurzem ist es m\u00f6glich, per Internet oder <a class=\"mh-excerpt-more\" href=\"https:\/\/www.studiogera.de\/001\/2021\/03\/02\/termine-fuer-das-geraer-impfzentrum-verfuegbar\/\" title=\"TERMINE F\u00dcR DAS GERAER IMPFZENTRUM VERF\u00dcGBAR\">[&#8230;]<\/a><\/p>\n<\/div>","protected":false},"author":2,"featured_media":10673,"comment_status":"open","ping_status":"open","sticky":false,"template":"","format":"standard","meta":{"footnotes":""},"categories":[16],"tags":[],"class_list":{"0":"post-14326","1":"post","2":"type-post","3":"status-publish","4":"format-standard","5":"has-post-thumbnail","7":"category-kurzmitteilungen"},"_links":{"self":[{"href":"https:\/\/www.studiogera.de\/001\/wp-json\/wp\/v2\/posts\/14326","targetHints":{"allow":["GET"]}}],"collection":[{"href":"https:\/\/www.studiogera.de\/001\/wp-json\/wp\/v2\/posts"}],"about":[{"href":"https:\/\/www.studiogera.de\/001\/wp-json\/wp\/v2\/types\/post"}],"author":[{"embeddable":true,"href":"https:\/\/www.studiogera.de\/001\/wp-json\/wp\/v2\/users\/2"}],"replies":[{"embeddable":true,"href":"https:\/\/www.studiogera.de\/001\/wp-json\/wp\/v2\/comments?post=14326"}],"version-history":[{"count":1,"href":"https:\/\/www.studiogera.de\/001\/wp-json\/wp\/v2\/posts\/14326\/revisions"}],"predecessor-version":[{"id":14327,"href":"https:\/\/www.studiogera.de\/001\/wp-json\/wp\/v2\/posts\/14326\/revisions\/14327"}],"wp:featuredmedia":[{"embeddable":true,"href":"https:\/\/www.studiogera.de\/001\/wp-json\/wp\/v2\/media\/10673"}],"wp:attachment":[{"href":"https:\/\/www.studiogera.de\/001\/wp-json\/wp\/v2\/media?parent=14326"}],"wp:term":[{"taxonomy":"category","embeddable":true,"href":"https:\/\/www.studiogera.de\/001\/wp-json\/wp\/v2\/categories?post=14326"},{"taxonomy":"post_tag","embeddable":true,"href":"https:\/\/www.studiogera.de\/001\/wp-json\/wp\/v2\/tags?post=14326"}],"curies":[{"name":"wp","href":"https:\/\/api.w.org\/{rel}","templated":true}]}}