{"id":14328,"date":"2021-03-03T11:37:30","date_gmt":"2021-03-03T10:37:30","guid":{"rendered":"http:\/\/www.studiogera.de\/001\/?p=14328"},"modified":"2021-03-03T11:37:31","modified_gmt":"2021-03-03T10:37:31","slug":"digitaler-gruener-pass-fuer-groessere-bewegungsfreiheit","status":"publish","type":"post","link":"https:\/\/www.studiogera.de\/001\/2021\/03\/03\/digitaler-gruener-pass-fuer-groessere-bewegungsfreiheit\/","title":{"rendered":"DIGITALER \u201eGR\u00dcNER PASS\u201c F\u00dcR GR\u00d6SSERE BEWEGUNGSFREIHEIT"},"content":{"rendered":"\n<p>Die Europ\u00e4ische Kommission wird noch vor den Sommerferien eine digitale Zertifizierung f\u00fcr die EU vorschlagen. Sie soll den Nachweis einer Covid-19-Impfung erbringen und es den Menschen erm\u00f6glichen, im Sommer freier zu reisen. Die Pl\u00e4ne f\u00fcr den digitalen \u201egr\u00fcnen Pass\u201c will die Europ\u00e4ische Kommission am 17. M\u00e4rz 2021 vorlegen und das System \u00fcber die EU hinaus betreiben.<\/p>\n\n\n\n<p>\u201eZiel ist es, Sie schrittweise in die Lage zu versetzen, sich sicher in der Europ\u00e4ischen Union oder im Ausland zu bewegen \u2014 f\u00fcr Arbeit oder Tourismus\u201c, schrieb Kommissionspr\u00e4sident Frau Ursula von der Leyen am 1. M\u00e4rz 2021 in einer \u00fcber den Dienst Twitter abgesetzten Nachricht.<\/p>\n\n\n\n<p>QUELLE: WORLD ECONOMIC FORUM<\/p>\n","protected":false},"excerpt":{"rendered":"<div class=\"mh-excerpt\"><p>Die Europ\u00e4ische Kommission wird noch vor den Sommerferien eine digitale Zertifizierung f\u00fcr die EU vorschlagen. Sie soll den Nachweis einer Covid-19-Impfung erbringen und es den Menschen erm\u00f6glichen, im Sommer freier zu reisen. Die Pl\u00e4ne f\u00fcr <a class=\"mh-excerpt-more\" href=\"https:\/\/www.studiogera.de\/001\/2021\/03\/03\/digitaler-gruener-pass-fuer-groessere-bewegungsfreiheit\/\" title=\"DIGITALER \u201eGR\u00dcNER PASS\u201c F\u00dcR GR\u00d6SSERE BEWEGUNGSFREIHEIT\">[&#8230;]<\/a><\/p>\n<\/div>","protected":false},"author":2,"featured_media":14330,"comment_status":"open","ping_status":"open","sticky":false,"template":"","format":"standard","meta":{"footnotes":""},"categories":[2],"tags":[],"class_list":{"0":"post-14328","1":"post","2":"type-post","3":"status-publish","4":"format-standard","5":"has-post-thumbnail","7":"category-weltweit"},"_links":{"self":[{"href":"https:\/\/www.studiogera.de\/001\/wp-json\/wp\/v2\/posts\/14328","targetHints":{"allow":["GET"]}}],"collection":[{"href":"https:\/\/www.studiogera.de\/001\/wp-json\/wp\/v2\/posts"}],"about":[{"href":"https:\/\/www.studiogera.de\/001\/wp-json\/wp\/v2\/types\/post"}],"author":[{"embeddable":true,"href":"https:\/\/www.studiogera.de\/001\/wp-json\/wp\/v2\/users\/2"}],"replies":[{"embeddable":true,"href":"https:\/\/www.studiogera.de\/001\/wp-json\/wp\/v2\/comments?post=14328"}],"version-history":[{"count":1,"href":"https:\/\/www.studiogera.de\/001\/wp-json\/wp\/v2\/posts\/14328\/revisions"}],"predecessor-version":[{"id":14329,"href":"https:\/\/www.studiogera.de\/001\/wp-json\/wp\/v2\/posts\/14328\/revisions\/14329"}],"wp:featuredmedia":[{"embeddable":true,"href":"https:\/\/www.studiogera.de\/001\/wp-json\/wp\/v2\/media\/14330"}],"wp:attachment":[{"href":"https:\/\/www.studiogera.de\/001\/wp-json\/wp\/v2\/media?parent=14328"}],"wp:term":[{"taxonomy":"category","embeddable":true,"href":"https:\/\/www.studiogera.de\/001\/wp-json\/wp\/v2\/categories?post=14328"},{"taxonomy":"post_tag","embeddable":true,"href":"https:\/\/www.studiogera.de\/001\/wp-json\/wp\/v2\/tags?post=14328"}],"curies":[{"name":"wp","href":"https:\/\/api.w.org\/{rel}","templated":true}]}}