{"id":14349,"date":"2021-03-04T12:02:56","date_gmt":"2021-03-04T11:02:56","guid":{"rendered":"http:\/\/www.studiogera.de\/001\/?p=14349"},"modified":"2021-03-04T12:02:56","modified_gmt":"2021-03-04T11:02:56","slug":"ein-zeichen-gegen-den-dauer-lockdown-auch-in-gera","status":"publish","type":"post","link":"https:\/\/www.studiogera.de\/001\/2021\/03\/04\/ein-zeichen-gegen-den-dauer-lockdown-auch-in-gera\/","title":{"rendered":"EIN ZEICHEN GEGEN DEN DAUER-LOCKDOWN AUCH IN GERA"},"content":{"rendered":"\n<p>Die Corona-Restriktionen treffen viele Selbstst\u00e4ndige und Unternehmer hart. Unter dem Motto \u201eDie Stadt lebt\u201c werden seit mehreren Tagen deutschlandweit Restaurants, Bars, Kinos, Kneipen, Fris\u00f6re und Einzelhandelsh\u00e4user in verschiedenen Farben beleuchtet, um auf sich aufmerksam zu machen und ein Zeichen gegen den Dauer-Lockdown zu setzen. Am Montag, den 1. M\u00e4rz 2021, beteiligte sich die Einkaufsst\u00e4tte Gera-Arcaden. Das Rathaus und der Marktplatz wurden am Mittwoch angestrahlt. Je nach Witterung reiht sich am 4. M\u00e4rz das Kultur- und Kongresszentrum mit Beginn der Dunkelheit ein.<\/p>\n","protected":false},"excerpt":{"rendered":"<div class=\"mh-excerpt\"><p>Die Corona-Restriktionen treffen viele Selbstst\u00e4ndige und Unternehmer hart. Unter dem Motto \u201eDie Stadt lebt\u201c werden seit mehreren Tagen deutschlandweit Restaurants, Bars, Kinos, Kneipen, Fris\u00f6re und Einzelhandelsh\u00e4user in verschiedenen Farben beleuchtet, um auf sich aufmerksam zu <a class=\"mh-excerpt-more\" href=\"https:\/\/www.studiogera.de\/001\/2021\/03\/04\/ein-zeichen-gegen-den-dauer-lockdown-auch-in-gera\/\" title=\"EIN ZEICHEN GEGEN DEN DAUER-LOCKDOWN AUCH IN GERA\">[&#8230;]<\/a><\/p>\n<\/div>","protected":false},"author":2,"featured_media":14350,"comment_status":"open","ping_status":"open","sticky":false,"template":"","format":"standard","meta":{"footnotes":""},"categories":[3],"tags":[],"class_list":{"0":"post-14349","1":"post","2":"type-post","3":"status-publish","4":"format-standard","5":"has-post-thumbnail","7":"category-lokal"},"_links":{"self":[{"href":"https:\/\/www.studiogera.de\/001\/wp-json\/wp\/v2\/posts\/14349","targetHints":{"allow":["GET"]}}],"collection":[{"href":"https:\/\/www.studiogera.de\/001\/wp-json\/wp\/v2\/posts"}],"about":[{"href":"https:\/\/www.studiogera.de\/001\/wp-json\/wp\/v2\/types\/post"}],"author":[{"embeddable":true,"href":"https:\/\/www.studiogera.de\/001\/wp-json\/wp\/v2\/users\/2"}],"replies":[{"embeddable":true,"href":"https:\/\/www.studiogera.de\/001\/wp-json\/wp\/v2\/comments?post=14349"}],"version-history":[{"count":1,"href":"https:\/\/www.studiogera.de\/001\/wp-json\/wp\/v2\/posts\/14349\/revisions"}],"predecessor-version":[{"id":14351,"href":"https:\/\/www.studiogera.de\/001\/wp-json\/wp\/v2\/posts\/14349\/revisions\/14351"}],"wp:featuredmedia":[{"embeddable":true,"href":"https:\/\/www.studiogera.de\/001\/wp-json\/wp\/v2\/media\/14350"}],"wp:attachment":[{"href":"https:\/\/www.studiogera.de\/001\/wp-json\/wp\/v2\/media?parent=14349"}],"wp:term":[{"taxonomy":"category","embeddable":true,"href":"https:\/\/www.studiogera.de\/001\/wp-json\/wp\/v2\/categories?post=14349"},{"taxonomy":"post_tag","embeddable":true,"href":"https:\/\/www.studiogera.de\/001\/wp-json\/wp\/v2\/tags?post=14349"}],"curies":[{"name":"wp","href":"https:\/\/api.w.org\/{rel}","templated":true}]}}