{"id":14354,"date":"2021-03-05T11:59:29","date_gmt":"2021-03-05T10:59:29","guid":{"rendered":"http:\/\/www.studiogera.de\/001\/?p=14354"},"modified":"2021-03-05T11:59:30","modified_gmt":"2021-03-05T10:59:30","slug":"stallpflicht-fuer-hausgefluegel-wird-aufgehoben","status":"publish","type":"post","link":"https:\/\/www.studiogera.de\/001\/2021\/03\/05\/stallpflicht-fuer-hausgefluegel-wird-aufgehoben\/","title":{"rendered":"STALLPFLICHT F\u00dcR HAUSGEFL\u00dcGEL WIRD AUFGEHOBEN"},"content":{"rendered":"\n<p>Das Hausgefl\u00fcgel darf innerhalb des Stadtgebietes ab Samstag, den 6. M\u00e4rz 2021, wieder ins Freie. Wie die Stadtverwaltung mitteilte, f\u00e4llt die Stallpflicht, die wegen der Vogelgrippe vorgeschrieben worden war, ab diesem Tage weg. Die am 12. Januar 2021 in Kraft getretene Allgemeinverf\u00fcgung wird aufgehoben.<\/p>\n","protected":false},"excerpt":{"rendered":"<div class=\"mh-excerpt\"><p>Das Hausgefl\u00fcgel darf innerhalb des Stadtgebietes ab Samstag, den 6. M\u00e4rz 2021, wieder ins Freie. Wie die Stadtverwaltung mitteilte, f\u00e4llt die Stallpflicht, die wegen der Vogelgrippe vorgeschrieben worden war, ab diesem Tage weg. Die am <a class=\"mh-excerpt-more\" href=\"https:\/\/www.studiogera.de\/001\/2021\/03\/05\/stallpflicht-fuer-hausgefluegel-wird-aufgehoben\/\" title=\"STALLPFLICHT F\u00dcR HAUSGEFL\u00dcGEL WIRD AUFGEHOBEN\">[&#8230;]<\/a><\/p>\n<\/div>","protected":false},"author":2,"featured_media":14355,"comment_status":"open","ping_status":"open","sticky":false,"template":"","format":"standard","meta":{"footnotes":""},"categories":[16],"tags":[],"class_list":{"0":"post-14354","1":"post","2":"type-post","3":"status-publish","4":"format-standard","5":"has-post-thumbnail","7":"category-kurzmitteilungen"},"_links":{"self":[{"href":"https:\/\/www.studiogera.de\/001\/wp-json\/wp\/v2\/posts\/14354","targetHints":{"allow":["GET"]}}],"collection":[{"href":"https:\/\/www.studiogera.de\/001\/wp-json\/wp\/v2\/posts"}],"about":[{"href":"https:\/\/www.studiogera.de\/001\/wp-json\/wp\/v2\/types\/post"}],"author":[{"embeddable":true,"href":"https:\/\/www.studiogera.de\/001\/wp-json\/wp\/v2\/users\/2"}],"replies":[{"embeddable":true,"href":"https:\/\/www.studiogera.de\/001\/wp-json\/wp\/v2\/comments?post=14354"}],"version-history":[{"count":1,"href":"https:\/\/www.studiogera.de\/001\/wp-json\/wp\/v2\/posts\/14354\/revisions"}],"predecessor-version":[{"id":14356,"href":"https:\/\/www.studiogera.de\/001\/wp-json\/wp\/v2\/posts\/14354\/revisions\/14356"}],"wp:featuredmedia":[{"embeddable":true,"href":"https:\/\/www.studiogera.de\/001\/wp-json\/wp\/v2\/media\/14355"}],"wp:attachment":[{"href":"https:\/\/www.studiogera.de\/001\/wp-json\/wp\/v2\/media?parent=14354"}],"wp:term":[{"taxonomy":"category","embeddable":true,"href":"https:\/\/www.studiogera.de\/001\/wp-json\/wp\/v2\/categories?post=14354"},{"taxonomy":"post_tag","embeddable":true,"href":"https:\/\/www.studiogera.de\/001\/wp-json\/wp\/v2\/tags?post=14354"}],"curies":[{"name":"wp","href":"https:\/\/api.w.org\/{rel}","templated":true}]}}