{"id":14360,"date":"2021-03-07T12:34:23","date_gmt":"2021-03-07T11:34:23","guid":{"rendered":"http:\/\/www.studiogera.de\/001\/?p=14360"},"modified":"2021-03-07T12:34:25","modified_gmt":"2021-03-07T11:34:25","slug":"woechentliche-videobotschaften-und-digitale-buergersprechstunden","status":"publish","type":"post","link":"https:\/\/www.studiogera.de\/001\/2021\/03\/07\/woechentliche-videobotschaften-und-digitale-buergersprechstunden\/","title":{"rendered":"W\u00d6CHENTLICHE VIDEOBOTSCHAFTEN UND DIGITALE B\u00dcRGERSPRECHSTUNDEN"},"content":{"rendered":"\n<p>Den B\u00fcrgern der Stadt Gera zuzuh\u00f6ren, sie mitzunehmen und mit ihnen auf Augenh\u00f6he in direkten Kontakt zu treten, sind unabdingbar, um eine Stadt im Interesse der Bev\u00f6lkerung zu f\u00fchren. Oberb\u00fcrgermeister Julian Vonarb ist dieser direkte Austausch seit Beginn seiner Amtszeit wichtig. Derzeit ist dieser Dialog wegen der Corona-Verordnungen stark eingeschr\u00e4nkt; der Informationsbedarf seitens der Geraer jedoch weiterhin sehr hoch, wie die vielen B\u00fcrgeranfragen zeigen. Deshalb gibt es ab sofort zwei neue Kommunikationsoffensiven seitens der Stadtverwaltung, um mit der Bev\u00f6lkerung in einen intensiveren Austausch zu treten.<\/p>\n\n\n\n<p>Seit nunmehr drei Wochen gibt es jeden Freitagnachmittag einen regelm\u00e4\u00dfigen Kommentar des Oberb\u00fcrgermeisters als Videobotschaft zu den aktuellen Themen der Woche. In einem w\u00f6chentlichen Videoformat ist Julian Vonarb unterwegs im Gespr\u00e4ch mit den Menschen der Stadt und gibt ein Update \u00fcber das aktuelle Geschehen in und um Gera. Zu finden sind die Videos auf dem \u00f6ffentlichen Facebook-Kanal der Stadt Gera, der im \u00dcbrigen f\u00fcr Jedermann, auch ohne eigenen Facebook-Zugang, erreichbar ist.<\/p>\n\n\n\n<p>Die Themen stammen je nach Aktualit\u00e4t aus allen Bereichen der Stadt; aus Verwaltung, Politik, Wirtschaft, Gesellschaft und Kultur. Ungefilterte Informationen kommen aus erster Hand und sollen den B\u00fcrger \u00fcber das konkrete aktuelle Geschehen \u2013 vor und hinter den Kulissen \u2013 informieren. \u201eIch habe es mir zum Ziel gemacht, dass wir uns alle besser mit unserer Stadt identifizieren, dass Gera den B\u00fcrgerinnen und B\u00fcrgern ein gutes Lebensgef\u00fchl, eine Heimat gibt. Das geht nur, wenn alle die Stadt und die Aktivit\u00e4ten auch besser kennen und verstehen\u201c, so Oberb\u00fcrgermeister Julian Vonarb und formuliert wie folgt seine Zielstellung: \u201eIch m\u00f6chte aufkl\u00e4ren und Ihnen zeigen, wie sich die Ver\u00e4nderungen in Politik, Wirtschaft und Gesellschaft ganz konkret auf das Leben der Geraer Bev\u00f6lkerung auswirken.\u201c Die ersten drei Videobotschaften fanden bereits regen Anklang in der Bev\u00f6lkerung. Oberb\u00fcrgermeister Vonarb besuchte darin w\u00e4hrend des starken Schneefalls den st\u00e4dtischen Winterdienst, die Feuerwehr und ein Mutter-Kind- und Jugendwohnheim. Inhaltlich ging es unter anderen um die aktuelle Th\u00fcringer Verordnung, das geplante Impfzentrum in der Pandorfhalle, die Beschl\u00fcsse der vergangenen Stadtratssitzung, Smartcity.<\/p>\n\n\n\n<p>In der kommenden Woche, am Mittwoch, den 10. M\u00e4rz 2021, ab 18 Uhr, beginnt mit dem interaktiven B\u00fcrgerforum ein weiteres neues Format: die digitale B\u00fcrgersprechstunde. \u00dcber den \u00f6ffentlichen Facebook-Kanal der Stadt Gera wird es einmal im Monat eine Live-Sendung und Fragestunde geben. Die B\u00fcrgerinnen und B\u00fcrger haben hierbei die M\u00f6glichkeit, dem Oberb\u00fcrgermeister direkt pers\u00f6nliche Fragen zu stellen, konkrete Anliegen vorzutragen oder allgemeines Feedback zu geben. Zugang zur digitalen B\u00fcrgersprechstunde gibt es auch \u00fcber die Internetseite der Stadt Gera. Die n\u00e4chsten Termine hierf\u00fcr sind 21. April, 12 Mai und 8. Juni 2021. Julian Vonarb ist gespannt, welche Fragen und Themen ihn in der B\u00fcrgersprechstunde erreichen: \u201eViele Menschen zeigen mir in pers\u00f6nlichen Gespr\u00e4chen: Wenn sich das Leben ver\u00e4ndert, komplexer und undurchsichtiger wird, gesamtgesellschaftliche Herausforderungen wie eine Pandemie zu bew\u00e4ltigen sind, steigt der Wunsch nach Orientierung, Transparenz, ungefilterter Information und nach dem Gef\u00fchl \u201amitgenommen zu werden\u2018.\u201c Mit der digitalen Sprechstunde m\u00f6chte er diesem gerecht werden.<\/p>\n\n\n\n<p>QUELLE: STADTVERWALTUNG<\/p>\n","protected":false},"excerpt":{"rendered":"<div class=\"mh-excerpt\"><p>Den B\u00fcrgern der Stadt Gera zuzuh\u00f6ren, sie mitzunehmen und mit ihnen auf Augenh\u00f6he in direkten Kontakt zu treten, sind unabdingbar, um eine Stadt im Interesse der Bev\u00f6lkerung zu f\u00fchren. Oberb\u00fcrgermeister Julian Vonarb ist dieser direkte <a class=\"mh-excerpt-more\" href=\"https:\/\/www.studiogera.de\/001\/2021\/03\/07\/woechentliche-videobotschaften-und-digitale-buergersprechstunden\/\" title=\"W\u00d6CHENTLICHE VIDEOBOTSCHAFTEN UND DIGITALE B\u00dcRGERSPRECHSTUNDEN\">[&#8230;]<\/a><\/p>\n<\/div>","protected":false},"author":2,"featured_media":14361,"comment_status":"open","ping_status":"open","sticky":false,"template":"","format":"standard","meta":{"footnotes":""},"categories":[17],"tags":[],"class_list":{"0":"post-14360","1":"post","2":"type-post","3":"status-publish","4":"format-standard","5":"has-post-thumbnail","7":"category-medien"},"_links":{"self":[{"href":"https:\/\/www.studiogera.de\/001\/wp-json\/wp\/v2\/posts\/14360","targetHints":{"allow":["GET"]}}],"collection":[{"href":"https:\/\/www.studiogera.de\/001\/wp-json\/wp\/v2\/posts"}],"about":[{"href":"https:\/\/www.studiogera.de\/001\/wp-json\/wp\/v2\/types\/post"}],"author":[{"embeddable":true,"href":"https:\/\/www.studiogera.de\/001\/wp-json\/wp\/v2\/users\/2"}],"replies":[{"embeddable":true,"href":"https:\/\/www.studiogera.de\/001\/wp-json\/wp\/v2\/comments?post=14360"}],"version-history":[{"count":1,"href":"https:\/\/www.studiogera.de\/001\/wp-json\/wp\/v2\/posts\/14360\/revisions"}],"predecessor-version":[{"id":14362,"href":"https:\/\/www.studiogera.de\/001\/wp-json\/wp\/v2\/posts\/14360\/revisions\/14362"}],"wp:featuredmedia":[{"embeddable":true,"href":"https:\/\/www.studiogera.de\/001\/wp-json\/wp\/v2\/media\/14361"}],"wp:attachment":[{"href":"https:\/\/www.studiogera.de\/001\/wp-json\/wp\/v2\/media?parent=14360"}],"wp:term":[{"taxonomy":"category","embeddable":true,"href":"https:\/\/www.studiogera.de\/001\/wp-json\/wp\/v2\/categories?post=14360"},{"taxonomy":"post_tag","embeddable":true,"href":"https:\/\/www.studiogera.de\/001\/wp-json\/wp\/v2\/tags?post=14360"}],"curies":[{"name":"wp","href":"https:\/\/api.w.org\/{rel}","templated":true}]}}