{"id":14363,"date":"2021-03-07T12:48:15","date_gmt":"2021-03-07T11:48:15","guid":{"rendered":"http:\/\/www.studiogera.de\/001\/?p=14363"},"modified":"2021-03-07T12:50:47","modified_gmt":"2021-03-07T11:50:47","slug":"ueber-moegliche-lockerungen-im-stadtgebiet","status":"publish","type":"post","link":"https:\/\/www.studiogera.de\/001\/2021\/03\/07\/ueber-moegliche-lockerungen-im-stadtgebiet\/","title":{"rendered":"\u00dcBER M\u00d6GLICHE LOCKERUNGEN IM STADTGEBIET"},"content":{"rendered":"\n<p><em>Die Corona-Zahlen in Gera sind seit rund zwei Wochen relativ gleichbleibend. Der Sieben-Tage-Wert bewegt sich kontinuierlich zwischen 90 und 100, an manchen Tagen auch knapp dar\u00fcber. Hinsichtlich der gefassten Beschl\u00fcsse der Ministerpr\u00e4sidentenkonferenz vom 3. M\u00e4rz 2021, liegt nun die Umsetzung beim Land Th\u00fcringen. Lesen Sie hierzu eine Meldung der Stadtverwaltung.<\/em><\/p>\n\n\n\n<p>Da auch die th\u00fcringenweite Inzidenz \u00fcber 100 liegt, ist mit einem raschen Ende des Lockdowns in Th\u00fcringen insgesamt nicht zu rechnen. Jedoch sieht die \u00d6ffnungsstrategie des Bundes vor, dass es lokal zu \u00d6ffnungen kommen kann, wenn die Zahl der Neuinfektionen und die daraus resultierende Inzidenz es zulassen. Daf\u00fcr m\u00fcsste die Inzidenz unter die Marke von 50 sinken.<\/p>\n\n\n\n<p>\u201eMir ganz pers\u00f6nlich ist daran gelegen, dass neben dem Inzidenzwert auch weitere Faktoren wie Schnelltests oder der Impffortschritt m\u00f6glichst zur Bewertung herangezogen werden. Aus diesem Grund m\u00f6chte ich nochmals eindringlich an Sie appellieren: Befolgen Sie die bekannten AHA-L-Regeln und nutzen Sie die Chance, sich impfen zu lassen, sobald sie an der Reihe sind. Es liegt an jedem einzelnen von uns, wann unsere Gesch\u00e4fte, die Gastronomie und Freizeiteinrichtungen wieder \u00f6ffnen d\u00fcrfen\u201c, so Geras Oberb\u00fcrgermeister Julian Vonarb.<\/p>\n\n\n\n<p>Bez\u00fcglich der von Bund zugesagten, kostenlosen Schnelltests, befindet sich die Stadt Gera noch in Abstimmung mit dem Land. Sobald es von Seiten des Freistaates klare Vorgaben gibt, wie die Teststrategie f\u00fcr Th\u00fcringen aussehen soll, wird die Stadt Gera schnellstm\u00f6glich handeln, um diese Schnelltests f\u00fcr alle B\u00fcrgerinnen und B\u00fcrger zu erm\u00f6glichen.<\/p>\n\n\n\n<p>QUELLE: STADTVERWALTUNG<\/p>\n","protected":false},"excerpt":{"rendered":"<div class=\"mh-excerpt\"><p>Die Corona-Zahlen in Gera sind seit rund zwei Wochen relativ gleichbleibend. Der Sieben-Tage-Wert bewegt sich kontinuierlich zwischen 90 und 100, an manchen Tagen auch knapp dar\u00fcber. Hinsichtlich der gefassten Beschl\u00fcsse der Ministerpr\u00e4sidentenkonferenz vom 3. M\u00e4rz <a class=\"mh-excerpt-more\" href=\"https:\/\/www.studiogera.de\/001\/2021\/03\/07\/ueber-moegliche-lockerungen-im-stadtgebiet\/\" title=\"\u00dcBER M\u00d6GLICHE LOCKERUNGEN IM STADTGEBIET\">[&#8230;]<\/a><\/p>\n<\/div>","protected":false},"author":2,"featured_media":10923,"comment_status":"open","ping_status":"open","sticky":false,"template":"","format":"standard","meta":{"footnotes":""},"categories":[3],"tags":[],"class_list":{"0":"post-14363","1":"post","2":"type-post","3":"status-publish","4":"format-standard","5":"has-post-thumbnail","7":"category-lokal"},"_links":{"self":[{"href":"https:\/\/www.studiogera.de\/001\/wp-json\/wp\/v2\/posts\/14363","targetHints":{"allow":["GET"]}}],"collection":[{"href":"https:\/\/www.studiogera.de\/001\/wp-json\/wp\/v2\/posts"}],"about":[{"href":"https:\/\/www.studiogera.de\/001\/wp-json\/wp\/v2\/types\/post"}],"author":[{"embeddable":true,"href":"https:\/\/www.studiogera.de\/001\/wp-json\/wp\/v2\/users\/2"}],"replies":[{"embeddable":true,"href":"https:\/\/www.studiogera.de\/001\/wp-json\/wp\/v2\/comments?post=14363"}],"version-history":[{"count":2,"href":"https:\/\/www.studiogera.de\/001\/wp-json\/wp\/v2\/posts\/14363\/revisions"}],"predecessor-version":[{"id":14365,"href":"https:\/\/www.studiogera.de\/001\/wp-json\/wp\/v2\/posts\/14363\/revisions\/14365"}],"wp:featuredmedia":[{"embeddable":true,"href":"https:\/\/www.studiogera.de\/001\/wp-json\/wp\/v2\/media\/10923"}],"wp:attachment":[{"href":"https:\/\/www.studiogera.de\/001\/wp-json\/wp\/v2\/media?parent=14363"}],"wp:term":[{"taxonomy":"category","embeddable":true,"href":"https:\/\/www.studiogera.de\/001\/wp-json\/wp\/v2\/categories?post=14363"},{"taxonomy":"post_tag","embeddable":true,"href":"https:\/\/www.studiogera.de\/001\/wp-json\/wp\/v2\/tags?post=14363"}],"curies":[{"name":"wp","href":"https:\/\/api.w.org\/{rel}","templated":true}]}}