{"id":14366,"date":"2021-03-07T12:59:40","date_gmt":"2021-03-07T11:59:40","guid":{"rendered":"http:\/\/www.studiogera.de\/001\/?p=14366"},"modified":"2021-03-07T13:02:59","modified_gmt":"2021-03-07T12:02:59","slug":"entwicklungskonzept-fuer-die-geraer-westvororte","status":"publish","type":"post","link":"https:\/\/www.studiogera.de\/001\/2021\/03\/07\/entwicklungskonzept-fuer-die-geraer-westvororte\/","title":{"rendered":"ENTWICKLUNGS-KONZEPT F\u00dcR DIE GERAER WESTVORORTE"},"content":{"rendered":"\n<p>F\u00fcr den Geraer Ortsteil \u201eWestvororte\u201c entsteht im Auftrag der Stadt in den kommenden Monaten ein Dorfentwicklungskonzept als Voraussetzung, um vom Freistaat Th\u00fcringen als F\u00f6rderschwerpunkt der Dorferneuerung und Dorfentwicklung aufgenommen zu werden. Bis Ende 2021 erarbeitet das Planungsb\u00fcro quaas-Stadtplaner unter anderem Leitbilder, Ziele und m\u00f6gliche Einzelprojekte f\u00fcr die zuk\u00fcnftige st\u00e4dtebauliche Entwicklung von Scheubengrobsdorf, Windischenbernsdorf und Frankenthal. Dies geschieht in enger Zusammenarbeit mit dem Dezernat f\u00fcr Stadtentwicklung, Bau und Umwelt und unter breiter \u00f6ffentlicher Beteiligung.<\/p>\n\n\n\n<p>Dazu sagt Ortsteilb\u00fcrgermeister Erik Buchholz: \u201eDas F\u00f6rderprogramm ist eine gro\u00dfartige Chance auf finanzielle Unterst\u00fctzung f\u00fcr alle, die unseren Ortsteil mitgestalten und voranbringen wollen. Wir laden alle ortsans\u00e4ssigen B\u00fcrgerinnen und B\u00fcrger herzlich ein, sich aktiv an der Konzeptentwicklung zu beteiligen, beispielsweise durch die Teilnahme an unserer Zukunftswerkstatt am 24. April 2021 oder der Umfrage, welche sie in K\u00fcrze in ihren Briefk\u00e4sten finden werden.\u201c Dorfentwicklungskonzepte leben vom Dialog mit den B\u00fcrgern vor Ort, der in Zeiten der Corona-Beschr\u00e4nkungen jedoch nicht in dem Ma\u00dfe darstellbar ist, wie urspr\u00fcnglich vorgesehen. Vor diesem Hintergrund werden in den kommenden Tagen im gesamten Ortsteil Informationsbrosch\u00fcren und entsprechende Umfrageb\u00f6gen verteilt.<\/p>\n\n\n\n<p>Mit der f\u00fcr 2022 angestrebten Anerkennung der Orte als F\u00f6rderschwerpunkt ist ein Zugriff auf F\u00f6rdermittel aus dem Programm der Dorferneuerung des Freistaates in den Jahren 2023 bis 2027 verbunden. \u00dcber einen Zeitraum von f\u00fcnf Jahren k\u00f6nnen die Stadt Gera wie auch Vereine, Unternehmen, Hauseigent\u00fcmer, Kirchen etc. Zusch\u00fcsse f\u00fcr Vorhaben in den historischen Ortslagen der Westvororte beantragen, die dem Dorfentwicklungskonzept entsprechen.<\/p>\n\n\n\n<p>Bei Fragen zum Vorhaben und zur Umfrage k\u00f6nnen sich Interessierte gerne an den Ortsteilb\u00fcrgermeister Erik Buchholz unter \u201eerik.buchholz@web.de\u201c wenden.<\/p>\n\n\n\n<p>Alle Informationen zum Dorfentwicklungsprozess sind zuk\u00fcnftig auch auf der Internetseite \u201ewww.westvororte.de\u201c verf\u00fcgbar. Dort wird derzeit eine Rubrik zum Thema eingerichtet.<\/p>\n\n\n\n<p><strong>Hintergrund<\/strong><br>Das F\u00f6rderprogramm zur Dorferneuerung des Freistaates Th\u00fcringen wurde seit seiner Einf\u00fchrung in den 1990er Jahren durch die Stadt Gera vielfach in Anspruch genommen, um im Rahmen der M\u00f6glichkeiten und als Bestandteil der st\u00e4dtischen Strukturpolitik d\u00f6rfliche Strukturen und historische Bausubstanz zu erhalten, Wohn-, Arbeits- und Lebensverh\u00e4ltnisse zu verbessern und damit das d\u00f6rfliche Gemeinschaftsleben zu sichern. Mit verschiedenen Projekten wurden in der Vergangenheit unter anderem in S\u00f6llmnitz und Gro\u00dfaga \u00f6ffentliche Bereiche wie Gr\u00fcnanlagen, Stra\u00dfen und Pl\u00e4tze aufgewertet und eine Vielzahl privater Ma\u00dfnahmen durchgef\u00fchrt. Im Juni 2020 stimmte der Geraer Stadtrat f\u00fcr die R\u00fcckkehr in das Th\u00fcringer F\u00f6rderprogramm f\u00fcr l\u00e4ndliche Ortsteile \u2014 zun\u00e4chst mit den Westvororten.<\/p>\n\n\n\n<p>QUELLE: STADTVERWALTUNG<\/p>\n","protected":false},"excerpt":{"rendered":"<div class=\"mh-excerpt\"><p>F\u00fcr den Geraer Ortsteil \u201eWestvororte\u201c entsteht im Auftrag der Stadt in den kommenden Monaten ein Dorfentwicklungskonzept als Voraussetzung, um vom Freistaat Th\u00fcringen als F\u00f6rderschwerpunkt der Dorferneuerung und Dorfentwicklung aufgenommen zu werden. Bis Ende 2021 erarbeitet <a class=\"mh-excerpt-more\" href=\"https:\/\/www.studiogera.de\/001\/2021\/03\/07\/entwicklungskonzept-fuer-die-geraer-westvororte\/\" title=\"ENTWICKLUNGS-KONZEPT F\u00dcR DIE GERAER WESTVORORTE\">[&#8230;]<\/a><\/p>\n<\/div>","protected":false},"author":2,"featured_media":14367,"comment_status":"open","ping_status":"open","sticky":false,"template":"","format":"standard","meta":{"footnotes":""},"categories":[3],"tags":[],"class_list":{"0":"post-14366","1":"post","2":"type-post","3":"status-publish","4":"format-standard","5":"has-post-thumbnail","7":"category-lokal"},"_links":{"self":[{"href":"https:\/\/www.studiogera.de\/001\/wp-json\/wp\/v2\/posts\/14366","targetHints":{"allow":["GET"]}}],"collection":[{"href":"https:\/\/www.studiogera.de\/001\/wp-json\/wp\/v2\/posts"}],"about":[{"href":"https:\/\/www.studiogera.de\/001\/wp-json\/wp\/v2\/types\/post"}],"author":[{"embeddable":true,"href":"https:\/\/www.studiogera.de\/001\/wp-json\/wp\/v2\/users\/2"}],"replies":[{"embeddable":true,"href":"https:\/\/www.studiogera.de\/001\/wp-json\/wp\/v2\/comments?post=14366"}],"version-history":[{"count":2,"href":"https:\/\/www.studiogera.de\/001\/wp-json\/wp\/v2\/posts\/14366\/revisions"}],"predecessor-version":[{"id":14370,"href":"https:\/\/www.studiogera.de\/001\/wp-json\/wp\/v2\/posts\/14366\/revisions\/14370"}],"wp:featuredmedia":[{"embeddable":true,"href":"https:\/\/www.studiogera.de\/001\/wp-json\/wp\/v2\/media\/14367"}],"wp:attachment":[{"href":"https:\/\/www.studiogera.de\/001\/wp-json\/wp\/v2\/media?parent=14366"}],"wp:term":[{"taxonomy":"category","embeddable":true,"href":"https:\/\/www.studiogera.de\/001\/wp-json\/wp\/v2\/categories?post=14366"},{"taxonomy":"post_tag","embeddable":true,"href":"https:\/\/www.studiogera.de\/001\/wp-json\/wp\/v2\/tags?post=14366"}],"curies":[{"name":"wp","href":"https:\/\/api.w.org\/{rel}","templated":true}]}}