{"id":14371,"date":"2021-03-07T19:32:23","date_gmt":"2021-03-07T18:32:23","guid":{"rendered":"http:\/\/www.studiogera.de\/001\/?p=14371"},"modified":"2021-03-07T19:34:09","modified_gmt":"2021-03-07T18:34:09","slug":"die-duale-orchesterakademie-thueringen","status":"publish","type":"post","link":"https:\/\/www.studiogera.de\/001\/2021\/03\/07\/die-duale-orchesterakademie-thueringen\/","title":{"rendered":"DIE DUALE ORCHESTERAKADEMIE TH\u00dcRINGEN"},"content":{"rendered":"\n<p>Vor gut zweieinhalb Jahren, im Herbst 2018, nahm die Duale Orchesterakademie Th\u00fcringen als gemeinsame Einrichtung der Jenaer Philharmonie und des Theaters Altenburg Gera ihre Arbeit auf. Zu Beginn wurden zehn Musiker (vier Violinen, zwei Violen, zwei Celli, zwei Kontrab\u00e4sse) in die durch den Freistaat Th\u00fcringen finanzierte Akademie aufgenommen. Die Stipendien umfassen zwei Jahre, eines im Konzertbetrieb in Jena und eines im Musiktheaterbetrieb in Altenburg\/Gera. Neben regul\u00e4ren Proben, Konzerten und Vorstellungen geh\u00f6ren auch Repertoirestudien, Kammermusik, Probespieltraining und Kurse wie z. B. Feldenkrais, Programmplanung oder Konzertmoderation zur Ausbildung.<\/p>\n\n\n\n<p>Schon nach der ersten Spielzeit 2018\/2019 konnten f\u00fcnf Akademisten erfolgreich Probespiele absolvieren und bekamen so feste Stellen oder Zeitvertr\u00e4ge bei den Th\u00fcringer Symphonikern Saalfeld-Rudolstadt, der S\u00fcdwestdeutschen Philharmonie Konstanz, der Badischen Philharmonie Pforzheim, dem Philharmonischen Orchester Altenburg Gera und der Jenaer Philharmonie. \u00dcber die beachtlichen Erfolge und die exzellente Nachwuchsf\u00f6rderung der neu gegr\u00fcndeten Dualen Orchesterakademie zeigte sich auch die Deutsche Orchestervereinigung beeindruckt. So hat sich die Institution mit einzigartigem Profil binnen kurzer Zeit einen guten Ruf in der deutschen Orchesterlandschaft aufgebaut.<\/p>\n\n\n\n<p>Zum Beginn der Spielzeit 2019\/20 wurden die freien Pl\u00e4tze nachbesetzt und zus\u00e4tzlich zwei Schlagwerker in die Orchesterakademie aufgenommen. Bis zum Februar 2020 erlebten die jungen Musiker eine intensive Zeit der Aus- und Weiterbildung. Als im M\u00e4rz 2020 dann aber Proben- und Vorstellungsbetrieb pandemiebedingt eingestellt werden mussten, begann eine lange Zeit, in der fast nur alleine zuhause ge\u00fcbt werden konnte. Auch die im Fr\u00fchsommer 2020 geplanten Kammerkonzerte der Akademie konnten nicht stattfinden. Im digitalen Austausch untereinander und mit Dozenten und Mentoren versuchte man, die Ausnahmesituation trotzdem gut zu nutzen. Die eigentlich auf zwei Jahre limitierten Stipendien wurden vom Freistaat Th\u00fcringen um sechs Monate, also bis Februar 2021, verl\u00e4ngert, um die Chancen auf Anschlussbesch\u00e4ftigungen zu verbessern.<\/p>\n\n\n\n<p>Die Spielzeit 2020\/2021 begann hoffnungsvoll, u. a. mit der Vorbereitung auf eine Reihe eigener Kammerkonzerte. Im September\/Oktober 2020 konnten die Akademisten schlie\u00dflich ihr selbst konzipiertes und moderiertes Programm unter entsprechenden Schutzma\u00dfnahmen vor Publikum in Altenburg, Gera und Jena pr\u00e4sentieren. G\u00e4ste und Presse waren begeistert von der hohen Qualit\u00e4t und der sp\u00fcrbaren Spielfreude \u2013 f\u00fcr alle ein H\u00f6hepunkt in diesem konzertarmen Jahr. Die verschiedenen Einschr\u00e4nkungen zur Eind\u00e4mmung der Pandemie haben auch die Planung und Durchf\u00fchrung der Probespiele zur Aufnahme neuer Stipendiaten erschwert und verz\u00f6gert. Ab M\u00e4rz 2021 k\u00f6nnten 13 Musiker der Akademie angeh\u00f6ren, darunter sind dann erstmals auch Blasinstrumente vorgesehen. Ob die Pl\u00e4tze aber tats\u00e4chlich besetzt werden k\u00f6nnen, h\u00e4ngt davon ab, ob die Bewerbungsverfahren angemessen durchgef\u00fchrt werden k\u00f6nnen. Im Fr\u00fchjahr 2021 sind nun vorerst digitale Workshops und Coachings geplant, um die Zeit ohne gemeinschaftliche Proben und Konzerte dennoch gut zu nutzen.<\/p>\n\n\n\n<p>Im Dezember 2021 endet die bisherige Finanzierungsvereinbarung mit der Th\u00fcringer Staatskanzlei, gl\u00fccklicherweise ist die Finanzierung bis Ende der Spielzeit 2021\/2022 gesichert. Wie es danach weitergeht, ist noch nicht klar. Alle Akteure hoffen aber auf eine erfolgreiche Fortsetzung.<\/p>\n\n\n\n<p>Katharina Landefeld, Managerin der Dualen Orchesterakademie Th\u00fcringen, sagte:<\/p>\n\n\n\n<blockquote class=\"wp-block-quote is-layout-flow wp-block-quote-is-layout-flow\"><p>\u201eBei allen schmerzlichen Einschnitten, die wir seit M\u00e4rz 2020 erleben, sehe ich auch voll Stolz wie unsere Musiker&#8217;innen und Kolleg&#8217;innen einander unterst\u00fctzen und motivieren. Im Moment hoffe ich sehr, dass wir bald wieder proben und dann auch wieder vor Publikum spielen k\u00f6nnen. Im Hinblick auf die Zukunft w\u00fcnsche ich mir sehnlichst, dass wir die Duale Orchesterakademie Th\u00fcringen nach dem vielversprechenden Start auch fortsetzen und weiter ausbauen k\u00f6nnen. Die Nachwuchsf\u00f6rderung ist uns eine Herzensangelegenheit! Gerade jetzt, wo die Situation f\u00fcr Absolvent&#8217;innen von Musikhochschulen zus\u00e4tzlich erschwert ist, wollen wir eine zuversichtliche Perspektive schaffen.\u201c<\/p><\/blockquote>\n\n\n\n<p>Weitere Informationen sind unter \u201ewww.duale-orchesterakademie-thueringen.de\u201c abrufbar.<\/p>\n\n\n\n<p>QUELLE: THEATER ALTENBURG GERA GGMBH<\/p>\n","protected":false},"excerpt":{"rendered":"<div class=\"mh-excerpt\"><p>Vor gut zweieinhalb Jahren, im Herbst 2018, nahm die Duale Orchesterakademie Th\u00fcringen als gemeinsame Einrichtung der Jenaer Philharmonie und des Theaters Altenburg Gera ihre Arbeit auf. Zu Beginn wurden zehn Musiker (vier Violinen, zwei Violen, <a class=\"mh-excerpt-more\" href=\"https:\/\/www.studiogera.de\/001\/2021\/03\/07\/die-duale-orchesterakademie-thueringen\/\" title=\"DIE DUALE ORCHESTERAKADEMIE TH\u00dcRINGEN\">[&#8230;]<\/a><\/p>\n<\/div>","protected":false},"author":2,"featured_media":12792,"comment_status":"open","ping_status":"open","sticky":false,"template":"","format":"standard","meta":{"footnotes":""},"categories":[15],"tags":[],"class_list":{"0":"post-14371","1":"post","2":"type-post","3":"status-publish","4":"format-standard","5":"has-post-thumbnail","7":"category-theater"},"_links":{"self":[{"href":"https:\/\/www.studiogera.de\/001\/wp-json\/wp\/v2\/posts\/14371","targetHints":{"allow":["GET"]}}],"collection":[{"href":"https:\/\/www.studiogera.de\/001\/wp-json\/wp\/v2\/posts"}],"about":[{"href":"https:\/\/www.studiogera.de\/001\/wp-json\/wp\/v2\/types\/post"}],"author":[{"embeddable":true,"href":"https:\/\/www.studiogera.de\/001\/wp-json\/wp\/v2\/users\/2"}],"replies":[{"embeddable":true,"href":"https:\/\/www.studiogera.de\/001\/wp-json\/wp\/v2\/comments?post=14371"}],"version-history":[{"count":2,"href":"https:\/\/www.studiogera.de\/001\/wp-json\/wp\/v2\/posts\/14371\/revisions"}],"predecessor-version":[{"id":14373,"href":"https:\/\/www.studiogera.de\/001\/wp-json\/wp\/v2\/posts\/14371\/revisions\/14373"}],"wp:featuredmedia":[{"embeddable":true,"href":"https:\/\/www.studiogera.de\/001\/wp-json\/wp\/v2\/media\/12792"}],"wp:attachment":[{"href":"https:\/\/www.studiogera.de\/001\/wp-json\/wp\/v2\/media?parent=14371"}],"wp:term":[{"taxonomy":"category","embeddable":true,"href":"https:\/\/www.studiogera.de\/001\/wp-json\/wp\/v2\/categories?post=14371"},{"taxonomy":"post_tag","embeddable":true,"href":"https:\/\/www.studiogera.de\/001\/wp-json\/wp\/v2\/tags?post=14371"}],"curies":[{"name":"wp","href":"https:\/\/api.w.org\/{rel}","templated":true}]}}