{"id":14379,"date":"2021-03-07T20:09:04","date_gmt":"2021-03-07T19:09:04","guid":{"rendered":"http:\/\/www.studiogera.de\/001\/?p=14379"},"modified":"2021-03-07T20:09:05","modified_gmt":"2021-03-07T19:09:05","slug":"keine-oeffentlichen-veranstaltungen-bis-ende-april-2021","status":"publish","type":"post","link":"https:\/\/www.studiogera.de\/001\/2021\/03\/07\/keine-oeffentlichen-veranstaltungen-bis-ende-april-2021\/","title":{"rendered":"KEINE \u00d6FFENTLICHEN VERANSTALTUNGEN BIS ENDE APRIL 2021"},"content":{"rendered":"\n<p>Vor dem Hintergrund der neuesten politischen Entscheidungen und nach einer Konferenz der Th\u00fcringer Theaterintendanten gemeinsam mit Kulturminister Prof. Dr. Benjamin-Immanuel Hoff am 4. M\u00e4rz 2021 steht nun fest: Am Theater Altenburg Gera werden bis Ende April keine \u00f6ffentlichen Veranstaltungen mit Publikum stattfinden.<\/p>\n\n\n\n<p>Da Th\u00fcringen gegenw\u00e4rtig die h\u00f6chsten Corona-Zahlen in ganz Deutschland hat, und Lockerungen an diese Zahlen gekn\u00fcpft werden, wird die Wiederaufnahme des Proben- und Produktionsbetriebs erneut verschoben. Somit verz\u00f6gert sich auch ein m\u00f6glicher Beginn des Spielbetriebes, f\u00fcr den einige Wochen Vorlauf erforderlich sind.<\/p>\n\n\n\n<p>Angestrebt wird in Altenburg und Gera nun eine behutsame, schrittweiser R\u00fcckkehr zu Proben, Trainings und weiteren Arbeiten, z. B. in den Werkst\u00e4tten unter strengen Infektionsschutz-Ma\u00dfnahmen. Wenn die Entwicklungen der kommenden Wochen es erlauben, wird auf einen Beginn des Spielbetriebes im Mai 2021 hingearbeitet. F\u00fcr Pfingsten, 21. bis 24. Mai, sind dann verschiedene Veranstaltungen anl\u00e4sslich der Liszt Biennale Th\u00fcringen in Altenburg und Gera geplant.<\/p>\n\n\n\n<p>Das 150-j\u00e4hrige Jubil\u00e4um des Altenburger Theaters am 16. April 2021 muss nun auch modifiziert werden. F\u00fcr das Festprogramm mit Buchpr\u00e4sentation im Theaterzelt soll eine M\u00f6glichkeit zur Internet-\u00dcbertragung und zur \u00dcbertragung auf Altenburg-TV organisiert werden, um m\u00f6glichst viele Menschen daran teilhaben zu lassen.<\/p>\n\n\n\n<p>Hoffnungsvoll richtet das Theater Altenburg Gera auch den Blick auf die Open-Air-Saison. Erstmalig soll eine Serie von Theater- und Konzertprogrammen die Sommermonate nahezu durchg\u00e4ngig f\u00fcllen und damit die sonst \u00fcblichen Theaterferien \u00fcberbr\u00fccken. Die Erfahrungen aus dem Vorjahr haben gezeigt, dass das Publikum sehr dankbar ist, wenn nach langer Pause wieder Kulturveranstaltungen angeboten werden. Um etwas von dem nachzuholen, was in der coronabedingten Schlie\u00dfzeit nicht stattfinden durfte, wollen K\u00fcnstler und Mitarbeiter des Theaters nun einen angepassten Spielbetrieb im Sommer erm\u00f6glichen indem z. B. Urlaube individuell verschoben werden.<\/p>\n\n\n\n<p>Momentan bleiben die Theaterkassen in Altenburg und Gera geschlossen. Pr\u00e4senzveranstaltungen der Mitmachangebote Kinder- und Jugendchor, Philharmonischer Chor, Kinder- und Jugendballett sowie p\u00e4dagogische Angebote m\u00fcssen ebenfalls bis auf Weiteres ausgesetzt bleiben.<\/p>\n\n\n\n<p>Seit M\u00e4rz 2020 verursacht die zeitweise Schlie\u00dfung f\u00fcr die Theater Altenburg Gera gGmbH betr\u00e4chtliche Ausf\u00e4lle von Einnahmen aus Karten- und Abonnement-Verk\u00e4ufen, deren Ausma\u00dfe bislang noch gar nicht beziffert werden k\u00f6nnen.<\/p>\n\n\n\n<p>Weitere Informationen zu geplanten Veranstaltungen sowie auch zum Kartenverkauf werden mitgeteilt, sobald eine gewisse Verl\u00e4sslichkeit absehbar ist.<\/p>\n\n\n\n<p>QUELLE: THEATER ALTENBURG GERA GGMBH<\/p>\n","protected":false},"excerpt":{"rendered":"<div class=\"mh-excerpt\"><p>Vor dem Hintergrund der neuesten politischen Entscheidungen und nach einer Konferenz der Th\u00fcringer Theaterintendanten gemeinsam mit Kulturminister Prof. Dr. Benjamin-Immanuel Hoff am 4. M\u00e4rz 2021 steht nun fest: Am Theater Altenburg Gera werden bis Ende <a class=\"mh-excerpt-more\" href=\"https:\/\/www.studiogera.de\/001\/2021\/03\/07\/keine-oeffentlichen-veranstaltungen-bis-ende-april-2021\/\" title=\"KEINE \u00d6FFENTLICHEN VERANSTALTUNGEN BIS ENDE APRIL 2021\">[&#8230;]<\/a><\/p>\n<\/div>","protected":false},"author":2,"featured_media":12430,"comment_status":"open","ping_status":"open","sticky":false,"template":"","format":"standard","meta":{"footnotes":""},"categories":[15],"tags":[],"class_list":{"0":"post-14379","1":"post","2":"type-post","3":"status-publish","4":"format-standard","5":"has-post-thumbnail","7":"category-theater"},"_links":{"self":[{"href":"https:\/\/www.studiogera.de\/001\/wp-json\/wp\/v2\/posts\/14379","targetHints":{"allow":["GET"]}}],"collection":[{"href":"https:\/\/www.studiogera.de\/001\/wp-json\/wp\/v2\/posts"}],"about":[{"href":"https:\/\/www.studiogera.de\/001\/wp-json\/wp\/v2\/types\/post"}],"author":[{"embeddable":true,"href":"https:\/\/www.studiogera.de\/001\/wp-json\/wp\/v2\/users\/2"}],"replies":[{"embeddable":true,"href":"https:\/\/www.studiogera.de\/001\/wp-json\/wp\/v2\/comments?post=14379"}],"version-history":[{"count":1,"href":"https:\/\/www.studiogera.de\/001\/wp-json\/wp\/v2\/posts\/14379\/revisions"}],"predecessor-version":[{"id":14380,"href":"https:\/\/www.studiogera.de\/001\/wp-json\/wp\/v2\/posts\/14379\/revisions\/14380"}],"wp:featuredmedia":[{"embeddable":true,"href":"https:\/\/www.studiogera.de\/001\/wp-json\/wp\/v2\/media\/12430"}],"wp:attachment":[{"href":"https:\/\/www.studiogera.de\/001\/wp-json\/wp\/v2\/media?parent=14379"}],"wp:term":[{"taxonomy":"category","embeddable":true,"href":"https:\/\/www.studiogera.de\/001\/wp-json\/wp\/v2\/categories?post=14379"},{"taxonomy":"post_tag","embeddable":true,"href":"https:\/\/www.studiogera.de\/001\/wp-json\/wp\/v2\/tags?post=14379"}],"curies":[{"name":"wp","href":"https:\/\/api.w.org\/{rel}","templated":true}]}}