{"id":14398,"date":"2021-03-11T14:43:34","date_gmt":"2021-03-11T13:43:34","guid":{"rendered":"http:\/\/www.studiogera.de\/001\/?p=14398"},"modified":"2021-03-11T14:43:35","modified_gmt":"2021-03-11T13:43:35","slug":"massenimpfungen-seit-10-maerz-2021-im-impfzentrum-ostthueringen","status":"publish","type":"post","link":"https:\/\/www.studiogera.de\/001\/2021\/03\/11\/massenimpfungen-seit-10-maerz-2021-im-impfzentrum-ostthueringen\/","title":{"rendered":"MASSENIMPFUNGEN SEIT 10. M\u00c4RZ 2021 IM \u201eIMPFZENTRUM OSTTH\u00dcRINGEN\u201c"},"content":{"rendered":"\n<p>Am 10. M\u00e4rz 2021 wurde das \u201eImpfzentrum f\u00fcr Ostth\u00fcringen\u201c um 14.30 Uhr in der Geraer Panndorfhalle er\u00f6ffnet. Mit dabei waren die Th\u00fcringer Gesundheitsministerin Heike Werner, Geras Oberb\u00fcrgermeister Julian Vonarb, die Vorsitzende der Kassen\u00e4rztlichen Vereinigung Th\u00fcringen, Dr. Annette Rommel, sowie Oberst Georg Oel, Kommandeur des Landeskommandos Th\u00fcringen. Julian Vonarb dankte allen Beteiligten f\u00fcr die schnelle und unkomplizierte Zusammenarbeit. F\u00fcr die Stadt Gera, aber auch f\u00fcr die gesamte Region Ostth\u00fcringen, sei das Impfzentrum ein wichtiger Schritt im Kampf gegen das Corona-Virus, meinte der Oberb\u00fcrgermeister.<\/p>\n\n\n\n<p>Zun\u00e4chst wurden die Termine im Drei-Minuten-Takt vergeben. Somit k\u00f6nnen t\u00e4glich zwischen 7.30 Uhr und 20.30 Uhr bis zu 1440 Menschen geimpft werden. Sollte die Taktung verk\u00fcrzt werden, k\u00f6nnten sogar mehr als 2000 Personen pro Tag eine Impfung erhalten. Die Termine werden \u00fcber das Netz-Portal der Kassen\u00e4rztlichen Vereinigung \u201ewww.impfen-thueringen.de\u201c sowie unter der Rufnummer 03643 4950490 vergeben.<\/p>\n\n\n\n<p>Unter \u201ewww.corona.gera.de\u201c gibt es weitere Informationen, unter anderem zur Unterst\u00fctzung der Stadt bei der Impfterminvergabe oder zu den Priorisierungsgruppen.<\/p>\n\n\n\n<p>Voraussichtlich zwischen April und Mai 2021 werden auch alle niedergelassenen Haus\u00e4rzte das Impfserum gegen Covid-19 applizieren d\u00fcrfen. Gegenw\u00e4rtig ist die ben\u00f6tigte Mindestmenge an Impfstoffen hierf\u00fcr nicht verf\u00fcgbar. Die L\u00e4nder w\u00fcnschen zuvorderst eine m\u00f6glichst gute Auslastung der Impfzentren.<\/p>\n\n\n\n<p>Durch die Impfung soll ein schwerer Verlauf der Krankheit \u201eCovid-19\u201c, der sich bei etwa 14 % der positiv getesteten Personen zeigt, verhindert werden. Betroffen hiervon sind einer Untersuchung der \u201eTufts University Boston\u201c zufolge eher Menschen mit einem schlechten Lebensstil und daraus resultierenden Vorerkrankungen wie Fettleibigkeit, zu hoher Blutdruck, Diabetes mellitus oder Herzinsuffizienz (siehe \u201e<a href=\"https:\/\/now.tufts.edu\/news-releases\/study-estimates-two-thirds-covid-19-hospitalizations-due-four-conditions-0\">https:\/\/now.tufts.edu\/news-releases\/study-estimates-two-thirds-covid-19-hospitalizations-due-four-conditions-0<\/a>\u201c).<\/p>\n\n\n\n<p>Aus einem Bericht der US-amerikanischen Gesundheitsbeh\u00f6rde CDC geht hervor, dass ein schwerer Verlauf umso wahrscheinlicher wird, je ausgepr\u00e4gter die Fettleibigkeit ist (siehe \u201e<a href=\"https:\/\/now.tufts.edu\/news-releases\/study-estimates-two-thirds-covid-19-hospitalizations-due-four-conditions-0\">https:\/\/now.tufts.edu\/news-releases\/study-estimates-two-thirds-covid-19-hospitalizations-due-four-conditions-0<\/a>\u201c).<\/p>\n","protected":false},"excerpt":{"rendered":"<div class=\"mh-excerpt\"><p>Am 10. M\u00e4rz 2021 wurde das \u201eImpfzentrum f\u00fcr Ostth\u00fcringen\u201c um 14.30 Uhr in der Geraer Panndorfhalle er\u00f6ffnet. Mit dabei waren die Th\u00fcringer Gesundheitsministerin Heike Werner, Geras Oberb\u00fcrgermeister Julian Vonarb, die Vorsitzende der Kassen\u00e4rztlichen Vereinigung Th\u00fcringen, <a class=\"mh-excerpt-more\" href=\"https:\/\/www.studiogera.de\/001\/2021\/03\/11\/massenimpfungen-seit-10-maerz-2021-im-impfzentrum-ostthueringen\/\" title=\"MASSENIMPFUNGEN SEIT 10. M\u00c4RZ 2021 IM \u201eIMPFZENTRUM OSTTH\u00dcRINGEN\u201c\">[&#8230;]<\/a><\/p>\n<\/div>","protected":false},"author":2,"featured_media":14399,"comment_status":"open","ping_status":"open","sticky":false,"template":"","format":"standard","meta":{"footnotes":""},"categories":[3],"tags":[],"class_list":{"0":"post-14398","1":"post","2":"type-post","3":"status-publish","4":"format-standard","5":"has-post-thumbnail","7":"category-lokal"},"_links":{"self":[{"href":"https:\/\/www.studiogera.de\/001\/wp-json\/wp\/v2\/posts\/14398","targetHints":{"allow":["GET"]}}],"collection":[{"href":"https:\/\/www.studiogera.de\/001\/wp-json\/wp\/v2\/posts"}],"about":[{"href":"https:\/\/www.studiogera.de\/001\/wp-json\/wp\/v2\/types\/post"}],"author":[{"embeddable":true,"href":"https:\/\/www.studiogera.de\/001\/wp-json\/wp\/v2\/users\/2"}],"replies":[{"embeddable":true,"href":"https:\/\/www.studiogera.de\/001\/wp-json\/wp\/v2\/comments?post=14398"}],"version-history":[{"count":1,"href":"https:\/\/www.studiogera.de\/001\/wp-json\/wp\/v2\/posts\/14398\/revisions"}],"predecessor-version":[{"id":14400,"href":"https:\/\/www.studiogera.de\/001\/wp-json\/wp\/v2\/posts\/14398\/revisions\/14400"}],"wp:featuredmedia":[{"embeddable":true,"href":"https:\/\/www.studiogera.de\/001\/wp-json\/wp\/v2\/media\/14399"}],"wp:attachment":[{"href":"https:\/\/www.studiogera.de\/001\/wp-json\/wp\/v2\/media?parent=14398"}],"wp:term":[{"taxonomy":"category","embeddable":true,"href":"https:\/\/www.studiogera.de\/001\/wp-json\/wp\/v2\/categories?post=14398"},{"taxonomy":"post_tag","embeddable":true,"href":"https:\/\/www.studiogera.de\/001\/wp-json\/wp\/v2\/tags?post=14398"}],"curies":[{"name":"wp","href":"https:\/\/api.w.org\/{rel}","templated":true}]}}