{"id":14401,"date":"2021-03-11T14:58:58","date_gmt":"2021-03-11T13:58:58","guid":{"rendered":"http:\/\/www.studiogera.de\/001\/?p=14401"},"modified":"2021-03-11T14:58:58","modified_gmt":"2021-03-11T13:58:58","slug":"internationale-wochen-gegen-rassismus-vom-15-maerz-bis-6-april-2021","status":"publish","type":"post","link":"https:\/\/www.studiogera.de\/001\/2021\/03\/11\/internationale-wochen-gegen-rassismus-vom-15-maerz-bis-6-april-2021\/","title":{"rendered":"INTERNATIONALE WOCHEN GEGEN RASSISMUS VOM 15. M\u00c4RZ BIS 6. APRIL 2021"},"content":{"rendered":"\n<p>Auf Initiative des Begleitausschusses der Partnerschaft f\u00fcr Demokratie, beteiligt sich die Stadt Gera im Rahmen des Bundesprogrammes \u201eDemokratie Leben\u201c an den Internationalen Wochen gegen Rassismus. Unter dem diesj\u00e4hrigen Motto \u201eGesicht zeigen \u2014 Stimme erheben\u201c finden die Wochen vom 15. M\u00e4rz bis zum 6. April 2021 statt. Ungleichbehandlung, Diskriminierung, Fremdenfeindlichkeit, Rassismus und Gewalt machen auch in Corona-Zeiten keine Pause. Die von den Vereinten Nationen initiierten Internationalen Wochen gegen Rassismus bieten die Gelegenheit, das Engagement gegen Fremdenfeindlichkeit und Rassismus \u00f6ffentlichkeitswirksam sichtbar zu machen und damit ein deutliches Zeichen gegen Menschenfeindlichkeit zu setzen.<\/p>\n\n\n\n<p>Aus den Reihen des Begleitausschusses der Partnerschaft entsteht in Zusammenarbeit mit Elric-Popp-Media-Productions in diesem Jahr ein Kurzfilm gegen Rassismus. Verschiedene Akteure der Stadt Gera erheben ihre Stimme. Sie beschreiben, auf welche Weise sie sich pers\u00f6nlich gegen Rassismus engagieren und \u00e4u\u00dfern ihre W\u00fcnsche an die Gesellschaft, wie diese in ihren Augen im Alltag Rassismus entgegentreten sollte. Dadurch soll deutlich gezeigt werden, dass in der Stadt Gera kein Platz f\u00fcr Rassismus und Nationalismus ist. Hier setzt auch das F\u00f6rderprogramm der Partnerschaft f\u00fcr Demokratie an, indem Projekte gef\u00f6rdert werden, die sich ausdr\u00fccklich der Demokratief\u00f6rderung und der Extremismuspr\u00e4vention widmen. Dieses Jahr wird beispielsweise der Demokratische Frauenbund alle Nationen an einen kulinarischen Tisch einladen. Die H\u00e4selburg wird eine Vielfalt an Veranstaltungsformaten zu \u201eJ\u00fcdisches Leben und Kultur gestern und heute\u201c anbieten.<\/p>\n\n\n\n<p>Perspektivisch plant die \u201ePartnerschaft f\u00fcr Demokratie in Gera\u201c Organisationen und Initiatoren Geras zu vernetzen, um gemeinsam ein breites Programm f\u00fcr die j\u00e4hrlich stattfindenden Wochen gegen Rassismus zu entwerfen. Der Zusammenhalt und die Kreativit\u00e4t einer Gesellschaft werden gest\u00e4rkt, wenn Menschen nicht ausgegrenzt und diskriminiert werden.<\/p>\n\n\n\n<p>QUELLE: STADTVERWALTUNG<\/p>\n","protected":false},"excerpt":{"rendered":"<div class=\"mh-excerpt\"><p>Auf Initiative des Begleitausschusses der Partnerschaft f\u00fcr Demokratie, beteiligt sich die Stadt Gera im Rahmen des Bundesprogrammes \u201eDemokratie Leben\u201c an den Internationalen Wochen gegen Rassismus. Unter dem diesj\u00e4hrigen Motto \u201eGesicht zeigen \u2014 Stimme erheben\u201c finden <a class=\"mh-excerpt-more\" href=\"https:\/\/www.studiogera.de\/001\/2021\/03\/11\/internationale-wochen-gegen-rassismus-vom-15-maerz-bis-6-april-2021\/\" title=\"INTERNATIONALE WOCHEN GEGEN RASSISMUS VOM 15. M\u00c4RZ BIS 6. APRIL 2021\">[&#8230;]<\/a><\/p>\n<\/div>","protected":false},"author":2,"featured_media":2863,"comment_status":"open","ping_status":"open","sticky":false,"template":"","format":"standard","meta":{"footnotes":""},"categories":[6],"tags":[],"class_list":{"0":"post-14401","1":"post","2":"type-post","3":"status-publish","4":"format-standard","5":"has-post-thumbnail","7":"category-gesellschaft"},"_links":{"self":[{"href":"https:\/\/www.studiogera.de\/001\/wp-json\/wp\/v2\/posts\/14401","targetHints":{"allow":["GET"]}}],"collection":[{"href":"https:\/\/www.studiogera.de\/001\/wp-json\/wp\/v2\/posts"}],"about":[{"href":"https:\/\/www.studiogera.de\/001\/wp-json\/wp\/v2\/types\/post"}],"author":[{"embeddable":true,"href":"https:\/\/www.studiogera.de\/001\/wp-json\/wp\/v2\/users\/2"}],"replies":[{"embeddable":true,"href":"https:\/\/www.studiogera.de\/001\/wp-json\/wp\/v2\/comments?post=14401"}],"version-history":[{"count":1,"href":"https:\/\/www.studiogera.de\/001\/wp-json\/wp\/v2\/posts\/14401\/revisions"}],"predecessor-version":[{"id":14402,"href":"https:\/\/www.studiogera.de\/001\/wp-json\/wp\/v2\/posts\/14401\/revisions\/14402"}],"wp:featuredmedia":[{"embeddable":true,"href":"https:\/\/www.studiogera.de\/001\/wp-json\/wp\/v2\/media\/2863"}],"wp:attachment":[{"href":"https:\/\/www.studiogera.de\/001\/wp-json\/wp\/v2\/media?parent=14401"}],"wp:term":[{"taxonomy":"category","embeddable":true,"href":"https:\/\/www.studiogera.de\/001\/wp-json\/wp\/v2\/categories?post=14401"},{"taxonomy":"post_tag","embeddable":true,"href":"https:\/\/www.studiogera.de\/001\/wp-json\/wp\/v2\/tags?post=14401"}],"curies":[{"name":"wp","href":"https:\/\/api.w.org\/{rel}","templated":true}]}}