{"id":14418,"date":"2021-03-12T22:09:49","date_gmt":"2021-03-12T21:09:49","guid":{"rendered":"http:\/\/www.studiogera.de\/001\/?p=14418"},"modified":"2021-03-12T22:09:50","modified_gmt":"2021-03-12T21:09:50","slug":"sperrung-des-spielplatzes-weinberghof","status":"publish","type":"post","link":"https:\/\/www.studiogera.de\/001\/2021\/03\/12\/sperrung-des-spielplatzes-weinberghof\/","title":{"rendered":"SPERRUNG DES SPIELPLATZES WEINBERGHOF"},"content":{"rendered":"\n<p>Eine sicherheitstechnische Kontrolle hat ergeben, dass der Spielplatz Weinberghof im Ortsteil Untermhaus nicht mehr der Verkehrssicherheit entspricht und daher bis auf weiteres gesperrt werden muss.<br>&nbsp;<br>Die erforderlichen Bauma\u00dfnahmen, die einen ersatzlosen R\u00fcckbau der Pergola, des Spielturmes und des Holzpflasters vorsehen, werden voraussichtlich am 17. M\u00e4rz beginnen. Ziel ist es, den Spielplatz mit den verbleibenden Ausstattungselementen schnellstm\u00f6glich wieder zur Nutzung freizugeben. Das Geraer Amt f\u00fcr Stadtgr\u00fcn bittet um Verst\u00e4ndnis f\u00fcr die notwendigen Ma\u00dfnahmen und um dringende Beachtung der Absperrung.<br>&nbsp;<br>Bedingt durch die begrenzende Bebauung im Umfeld konnten vor 21 Jahren bei der Anlage des Spielplatzes alle Ger\u00e4te nur mit \u00fcberschneidenden Freir\u00e4umen installiert werden. Dies ist der Grund, weshalb ab 12. M\u00e4rz 2021 der gesamte Standort der Nutzung entzogen werden musste. Bereits im Dezember 2020 musste das Spielger\u00e4t \u201eSeegang\u201c entfernt werden.<\/p>\n\n\n\n<p>Die dargestellten Ma\u00dfnahmen sind Bestandteil der Gesamtstrategie f\u00fcr den Ortsteil Untermhaus. Diese sieht neben dem R\u00fcckbau des Spielplatzes Osterstein vor allem eine Neuordnung und wesentliche Aufwertung des Standortes Conradstra\u00dfe vor. Dazu gab es bereits erste Absprachen zwischen dem Ortsteilrat und dem Amt f\u00fcr Stadtgr\u00fcn. In den n\u00e4chsten Wochen sollen gemeinsam verschiedene Gestaltungsvarianten dargestellt und diskutiert werden. Dabei will sich der Ortsteilrat aktiv einbringen und selbst finanzielle Mittel bereitstellen.<\/p>\n\n\n\n<p>QUELLE: STADTVERWALTUNG<\/p>\n","protected":false},"excerpt":{"rendered":"<div class=\"mh-excerpt\"><p>Eine sicherheitstechnische Kontrolle hat ergeben, dass der Spielplatz Weinberghof im Ortsteil Untermhaus nicht mehr der Verkehrssicherheit entspricht und daher bis auf weiteres gesperrt werden muss.&nbsp;Die erforderlichen Bauma\u00dfnahmen, die einen ersatzlosen R\u00fcckbau der Pergola, des Spielturmes <a class=\"mh-excerpt-more\" href=\"https:\/\/www.studiogera.de\/001\/2021\/03\/12\/sperrung-des-spielplatzes-weinberghof\/\" title=\"SPERRUNG DES SPIELPLATZES WEINBERGHOF\">[&#8230;]<\/a><\/p>\n<\/div>","protected":false},"author":3,"featured_media":1630,"comment_status":"open","ping_status":"open","sticky":false,"template":"","format":"standard","meta":{"footnotes":""},"categories":[16],"tags":[],"class_list":{"0":"post-14418","1":"post","2":"type-post","3":"status-publish","4":"format-standard","5":"has-post-thumbnail","7":"category-kurzmitteilungen"},"_links":{"self":[{"href":"https:\/\/www.studiogera.de\/001\/wp-json\/wp\/v2\/posts\/14418","targetHints":{"allow":["GET"]}}],"collection":[{"href":"https:\/\/www.studiogera.de\/001\/wp-json\/wp\/v2\/posts"}],"about":[{"href":"https:\/\/www.studiogera.de\/001\/wp-json\/wp\/v2\/types\/post"}],"author":[{"embeddable":true,"href":"https:\/\/www.studiogera.de\/001\/wp-json\/wp\/v2\/users\/3"}],"replies":[{"embeddable":true,"href":"https:\/\/www.studiogera.de\/001\/wp-json\/wp\/v2\/comments?post=14418"}],"version-history":[{"count":1,"href":"https:\/\/www.studiogera.de\/001\/wp-json\/wp\/v2\/posts\/14418\/revisions"}],"predecessor-version":[{"id":14419,"href":"https:\/\/www.studiogera.de\/001\/wp-json\/wp\/v2\/posts\/14418\/revisions\/14419"}],"wp:featuredmedia":[{"embeddable":true,"href":"https:\/\/www.studiogera.de\/001\/wp-json\/wp\/v2\/media\/1630"}],"wp:attachment":[{"href":"https:\/\/www.studiogera.de\/001\/wp-json\/wp\/v2\/media?parent=14418"}],"wp:term":[{"taxonomy":"category","embeddable":true,"href":"https:\/\/www.studiogera.de\/001\/wp-json\/wp\/v2\/categories?post=14418"},{"taxonomy":"post_tag","embeddable":true,"href":"https:\/\/www.studiogera.de\/001\/wp-json\/wp\/v2\/tags?post=14418"}],"curies":[{"name":"wp","href":"https:\/\/api.w.org\/{rel}","templated":true}]}}