{"id":14420,"date":"2021-03-14T21:31:33","date_gmt":"2021-03-14T20:31:33","guid":{"rendered":"http:\/\/www.studiogera.de\/001\/?p=14420"},"modified":"2021-03-14T21:31:35","modified_gmt":"2021-03-14T20:31:35","slug":"neue-corona-verordnung-fuer-thueringen-in-kraft-getreten","status":"publish","type":"post","link":"https:\/\/www.studiogera.de\/001\/2021\/03\/14\/neue-corona-verordnung-fuer-thueringen-in-kraft-getreten\/","title":{"rendered":"NEUE CORONA-VERORDNUNG F\u00dcR TH\u00dcRINGEN IN KRAFT GETRETEN"},"content":{"rendered":"\n<p>Am 14. M\u00e4rz 2021 trat in Th\u00fcringen eine neue Corona-Verordnung in Kraft. Mit ihr wird der Beschluss der Ministerpr\u00e4sidentenkonferenz vom 3. M\u00e4rz umgesetzt. Die neue Verordnung erm\u00f6glicht lokale Modellprojekte in Regionen, in denen der Sieben-Tage-Wert stabil unter 100 liegt. Sie gilt bis zum 31. M\u00e4rz 2021.<\/p>\n\n\n\n<p>Was die Kontaktbeschr\u00e4nkungen anbelangt, werden Kinder bis einschlie\u00dflich 13 Jahren nicht mehr mitgez\u00e4hlt. Ehepaare oder eingetragene Lebensgef\u00e4hrten, die getrennt leben, werden als ein Hausstand gewertet. Bibliotheken und Archive d\u00fcrfen wieder \u00f6ffnen. Analog zu den Fahrschulen, d\u00fcrfen auch Flugschulen f\u00fcr den theoretischen Unterricht und die praktische Ausbildung wieder \u00f6ffnen. Weiterhin d\u00fcrfen \u00f6ffnen: Buchhandlungen, Anbieter von Kinderschuhen, Nagel-, Kosmetik-, T\u00e4towier-, Piercing- und Massagestudios sowie Solarien. Nach vorheriger Anmeldung per Telefon oder Internet d\u00fcrfen Kunden in Baumerkten feste Einkaufstermine vereinbaren. Personen, die aus dem Ausland einreisen, m\u00fcssen nur noch zehn Tage lang in h\u00e4usliche Quarant\u00e4ne. Nach dem f\u00fcnften Tage gibt es wieder die M\u00f6glichkeit, sich \u201efreizutesten\u201c. Dies gilt jedoch nicht f\u00fcr B\u00fcrger, die aus einem Risikogebiet f\u00fcr Virusvarianten einreisen.<\/p>\n\n\n\n<p>Weil der Impfstoffhersteller Astrazeneca weniger Dosen als erwartet liefern wird, werden vorerst keine Termine neuen f\u00fcr die Th\u00fcringer Impfzentren vergeben. Es verschiebt sich auch der geplante Beginn der Impfungen in Hausarztpraxen. Im ZDF sprach Ministerin Heike Werner von einer Schlie\u00dfung des Impfzentrums Ostth\u00fcringen in Gera. Das Unternehmen Astrazeneca gab Exportbeschr\u00e4nkungen als Grund f\u00fcr die geringere Liefermenge an.<\/p>\n","protected":false},"excerpt":{"rendered":"<div class=\"mh-excerpt\"><p>Am 14. M\u00e4rz 2021 trat in Th\u00fcringen eine neue Corona-Verordnung in Kraft. Mit ihr wird der Beschluss der Ministerpr\u00e4sidentenkonferenz vom 3. M\u00e4rz umgesetzt. Die neue Verordnung erm\u00f6glicht lokale Modellprojekte in Regionen, in denen der Sieben-Tage-Wert <a class=\"mh-excerpt-more\" href=\"https:\/\/www.studiogera.de\/001\/2021\/03\/14\/neue-corona-verordnung-fuer-thueringen-in-kraft-getreten\/\" title=\"NEUE CORONA-VERORDNUNG F\u00dcR TH\u00dcRINGEN IN KRAFT GETRETEN\">[&#8230;]<\/a><\/p>\n<\/div>","protected":false},"author":2,"featured_media":12289,"comment_status":"open","ping_status":"open","sticky":false,"template":"","format":"standard","meta":{"footnotes":""},"categories":[2],"tags":[],"class_list":{"0":"post-14420","1":"post","2":"type-post","3":"status-publish","4":"format-standard","5":"has-post-thumbnail","7":"category-weltweit"},"_links":{"self":[{"href":"https:\/\/www.studiogera.de\/001\/wp-json\/wp\/v2\/posts\/14420","targetHints":{"allow":["GET"]}}],"collection":[{"href":"https:\/\/www.studiogera.de\/001\/wp-json\/wp\/v2\/posts"}],"about":[{"href":"https:\/\/www.studiogera.de\/001\/wp-json\/wp\/v2\/types\/post"}],"author":[{"embeddable":true,"href":"https:\/\/www.studiogera.de\/001\/wp-json\/wp\/v2\/users\/2"}],"replies":[{"embeddable":true,"href":"https:\/\/www.studiogera.de\/001\/wp-json\/wp\/v2\/comments?post=14420"}],"version-history":[{"count":1,"href":"https:\/\/www.studiogera.de\/001\/wp-json\/wp\/v2\/posts\/14420\/revisions"}],"predecessor-version":[{"id":14421,"href":"https:\/\/www.studiogera.de\/001\/wp-json\/wp\/v2\/posts\/14420\/revisions\/14421"}],"wp:featuredmedia":[{"embeddable":true,"href":"https:\/\/www.studiogera.de\/001\/wp-json\/wp\/v2\/media\/12289"}],"wp:attachment":[{"href":"https:\/\/www.studiogera.de\/001\/wp-json\/wp\/v2\/media?parent=14420"}],"wp:term":[{"taxonomy":"category","embeddable":true,"href":"https:\/\/www.studiogera.de\/001\/wp-json\/wp\/v2\/categories?post=14420"},{"taxonomy":"post_tag","embeddable":true,"href":"https:\/\/www.studiogera.de\/001\/wp-json\/wp\/v2\/tags?post=14420"}],"curies":[{"name":"wp","href":"https:\/\/api.w.org\/{rel}","templated":true}]}}