{"id":14439,"date":"2021-03-15T22:27:33","date_gmt":"2021-03-15T21:27:33","guid":{"rendered":"http:\/\/www.studiogera.de\/001\/?p=14439"},"modified":"2021-03-15T22:27:34","modified_gmt":"2021-03-15T21:27:34","slug":"die-corona-situation-am-15-maerz-2021","status":"publish","type":"post","link":"https:\/\/www.studiogera.de\/001\/2021\/03\/15\/die-corona-situation-am-15-maerz-2021\/","title":{"rendered":"DIE CORONA-SITUATION AM 15. M\u00c4RZ 2021"},"content":{"rendered":"\n<p>\u00c4hnlich wie auf Bundes- und Landesebene, steigt auch in der Stadt Gera seit einigen Tagen die Zahl der positiv getesteten Menschen an. Lag der Sieben-Tage-Wert in der Vorwoche noch relativ konstant bei einem Wert um 110, hat sich dieser \u00fcber das Wochenende auf 162,15 erh\u00f6ht. Es gibt zum einen wieder vermehrt positiv getestete Personen in Schulen und Kinderg\u00e4rten auf. Gegenw\u00e4rtig sind f\u00fcnf Schulen und drei Kinderg\u00e4rten betroffen, wobei ein Kindergarten sogar vor\u00fcbergehend geschlossen werden musste. Zudem gibt es viele positiv getestete Personen innerhalb von Familien, die jedoch breit \u00fcber das Stadtgebiet hinweg verstreut sind. H\u00e4ufungen oder gar Infektionsherde sind nicht zu erkennen.<\/p>\n\n\n\n<p>Das Gesundheitsamt meldete \u00fcber das Wochenende 71 neue F\u00e4lle an das RKI, wodurch auch die Zahl der sogenannten aktiven F\u00e4lle auf 204 angestiegen ist. In Quarant\u00e4ne befinden sich 709 Personen. Auch diese Zahl ist zur Vorwoche stark angestiegen.<\/p>\n\n\n\n<p>Aufgrund der hohen Zahlen, wurde die Gruppe der Kontaktnachverfolger im Gesundheitsamt personell verst\u00e4rkt. Ab dem 16. M\u00e4rz 2021 werden wieder drei Soldaten der Bundeswehr sowie zus\u00e4tzliche Bedienstet aus anderen \u00c4mtern dabei unterst\u00fctzen, Kontaktketten schnellstm\u00f6glich zu durchbrechen.<\/p>\n\n\n\n<p>Seit Ausrufung der Pandemie im M\u00e4rz 2020, wurden in Gera 3326 Menschen positiv getestet. Dabnach hatten 3002 wieder ein negatives Testergebnis. Es verstarben insgesamt 120 positiv getestete Personen.<\/p>\n\n\n\n<p>Das Serum der Firma Astrazeneca wird nun auch in Deutschland vorerst nicht mehr verimpft. Es steht deshalb nicht mehr gen\u00fcgend Impfstoff zur Verf\u00fcgung. Zuvor war eine Minderung der Liefermenge bekannt geworden. Das Impfzentrum in Gera wurde nun wieder geschlossen.<\/p>\n","protected":false},"excerpt":{"rendered":"<div class=\"mh-excerpt\"><p>\u00c4hnlich wie auf Bundes- und Landesebene, steigt auch in der Stadt Gera seit einigen Tagen die Zahl der positiv getesteten Menschen an. Lag der Sieben-Tage-Wert in der Vorwoche noch relativ konstant bei einem Wert um <a class=\"mh-excerpt-more\" href=\"https:\/\/www.studiogera.de\/001\/2021\/03\/15\/die-corona-situation-am-15-maerz-2021\/\" title=\"DIE CORONA-SITUATION AM 15. M\u00c4RZ 2021\">[&#8230;]<\/a><\/p>\n<\/div>","protected":false},"author":2,"featured_media":10923,"comment_status":"open","ping_status":"open","sticky":false,"template":"","format":"standard","meta":{"footnotes":""},"categories":[3],"tags":[],"class_list":{"0":"post-14439","1":"post","2":"type-post","3":"status-publish","4":"format-standard","5":"has-post-thumbnail","7":"category-lokal"},"_links":{"self":[{"href":"https:\/\/www.studiogera.de\/001\/wp-json\/wp\/v2\/posts\/14439","targetHints":{"allow":["GET"]}}],"collection":[{"href":"https:\/\/www.studiogera.de\/001\/wp-json\/wp\/v2\/posts"}],"about":[{"href":"https:\/\/www.studiogera.de\/001\/wp-json\/wp\/v2\/types\/post"}],"author":[{"embeddable":true,"href":"https:\/\/www.studiogera.de\/001\/wp-json\/wp\/v2\/users\/2"}],"replies":[{"embeddable":true,"href":"https:\/\/www.studiogera.de\/001\/wp-json\/wp\/v2\/comments?post=14439"}],"version-history":[{"count":1,"href":"https:\/\/www.studiogera.de\/001\/wp-json\/wp\/v2\/posts\/14439\/revisions"}],"predecessor-version":[{"id":14440,"href":"https:\/\/www.studiogera.de\/001\/wp-json\/wp\/v2\/posts\/14439\/revisions\/14440"}],"wp:featuredmedia":[{"embeddable":true,"href":"https:\/\/www.studiogera.de\/001\/wp-json\/wp\/v2\/media\/10923"}],"wp:attachment":[{"href":"https:\/\/www.studiogera.de\/001\/wp-json\/wp\/v2\/media?parent=14439"}],"wp:term":[{"taxonomy":"category","embeddable":true,"href":"https:\/\/www.studiogera.de\/001\/wp-json\/wp\/v2\/categories?post=14439"},{"taxonomy":"post_tag","embeddable":true,"href":"https:\/\/www.studiogera.de\/001\/wp-json\/wp\/v2\/tags?post=14439"}],"curies":[{"name":"wp","href":"https:\/\/api.w.org\/{rel}","templated":true}]}}