{"id":14455,"date":"2021-03-16T22:49:50","date_gmt":"2021-03-16T21:49:50","guid":{"rendered":"http:\/\/www.studiogera.de\/001\/?p=14455"},"modified":"2021-03-16T22:49:52","modified_gmt":"2021-03-16T21:49:52","slug":"weitere-meldungen-aus-gera-9","status":"publish","type":"post","link":"https:\/\/www.studiogera.de\/001\/2021\/03\/16\/weitere-meldungen-aus-gera-9\/","title":{"rendered":"WEITERE MELDUNGEN AUS GERA"},"content":{"rendered":"\n<p>Den Gera-Arcaden stehen mehrere Ausz\u00fcge bevor. Unbest\u00e4tigten Informationen zufolge sind es alle Fris\u00f6re, die Takko- und die Douglas-Filiale.<\/p>\n\n\n\n<p>Geras Stadtbibliothek wird in das leerstehende und in privater Hand befindliche Warenhaus auf der Sorge ziehen, nachdem der bisherige Mietvertrag im Jahre 2029 ausgelaufen ist. Geplant ist die Belegung der ersten und zweiten Etage.<\/p>\n\n\n\n<p>In den zentralen Impfzentren in Gera und Erfurt, fallen pro Tag rund 2800 Impftermine weg, und dadurch w\u00f6chentlich bis zu 20&#8217;000 Termine im gesamten Freistaat. Th\u00fcringens Gesundheitsministerin Heike Werner rechnet Ende der Woche mit einer Entscheidung zum Astrazeneca-Serum.<\/p>\n\n\n\n<p>Im Slivener St\u00e4dtepartnerschaftsgarten soll mit Hilfe von Unterst\u00fctzern und Spendern eine neue Ulme gepflanzt werden.<\/p>\n\n\n\n<p>Die Fahrgastinformationstechnik auf der Linie 1 wird ab dem 17. M\u00e4rz 2021 erneuert und modernisiert. Bei Knopfdruck sollen k\u00fcnftig die auf der Anzeigetafel dargestellten Fahrplaninformation zu h\u00f6ren sein.<\/p>\n","protected":false},"excerpt":{"rendered":"<div class=\"mh-excerpt\"><p>Den Gera-Arcaden stehen mehrere Ausz\u00fcge bevor. Unbest\u00e4tigten Informationen zufolge sind es alle Fris\u00f6re, die Takko- und die Douglas-Filiale. Geras Stadtbibliothek wird in das leerstehende und in privater Hand befindliche Warenhaus auf der Sorge ziehen, nachdem <a class=\"mh-excerpt-more\" href=\"https:\/\/www.studiogera.de\/001\/2021\/03\/16\/weitere-meldungen-aus-gera-9\/\" title=\"WEITERE MELDUNGEN AUS GERA\">[&#8230;]<\/a><\/p>\n<\/div>","protected":false},"author":2,"featured_media":6809,"comment_status":"open","ping_status":"open","sticky":false,"template":"","format":"standard","meta":{"footnotes":""},"categories":[16],"tags":[],"class_list":{"0":"post-14455","1":"post","2":"type-post","3":"status-publish","4":"format-standard","5":"has-post-thumbnail","7":"category-kurzmitteilungen"},"_links":{"self":[{"href":"https:\/\/www.studiogera.de\/001\/wp-json\/wp\/v2\/posts\/14455","targetHints":{"allow":["GET"]}}],"collection":[{"href":"https:\/\/www.studiogera.de\/001\/wp-json\/wp\/v2\/posts"}],"about":[{"href":"https:\/\/www.studiogera.de\/001\/wp-json\/wp\/v2\/types\/post"}],"author":[{"embeddable":true,"href":"https:\/\/www.studiogera.de\/001\/wp-json\/wp\/v2\/users\/2"}],"replies":[{"embeddable":true,"href":"https:\/\/www.studiogera.de\/001\/wp-json\/wp\/v2\/comments?post=14455"}],"version-history":[{"count":1,"href":"https:\/\/www.studiogera.de\/001\/wp-json\/wp\/v2\/posts\/14455\/revisions"}],"predecessor-version":[{"id":14456,"href":"https:\/\/www.studiogera.de\/001\/wp-json\/wp\/v2\/posts\/14455\/revisions\/14456"}],"wp:featuredmedia":[{"embeddable":true,"href":"https:\/\/www.studiogera.de\/001\/wp-json\/wp\/v2\/media\/6809"}],"wp:attachment":[{"href":"https:\/\/www.studiogera.de\/001\/wp-json\/wp\/v2\/media?parent=14455"}],"wp:term":[{"taxonomy":"category","embeddable":true,"href":"https:\/\/www.studiogera.de\/001\/wp-json\/wp\/v2\/categories?post=14455"},{"taxonomy":"post_tag","embeddable":true,"href":"https:\/\/www.studiogera.de\/001\/wp-json\/wp\/v2\/tags?post=14455"}],"curies":[{"name":"wp","href":"https:\/\/api.w.org\/{rel}","templated":true}]}}