{"id":14457,"date":"2021-03-18T10:42:42","date_gmt":"2021-03-18T09:42:42","guid":{"rendered":"http:\/\/www.studiogera.de\/001\/?p=14457"},"modified":"2021-03-18T10:42:44","modified_gmt":"2021-03-18T09:42:44","slug":"neue-restriktionen-im-landkreis-greiz","status":"publish","type":"post","link":"https:\/\/www.studiogera.de\/001\/2021\/03\/18\/neue-restriktionen-im-landkreis-greiz\/","title":{"rendered":"NEUE RESTRIKTIONEN IM LANDKREIS GREIZ"},"content":{"rendered":"\n<p>Aufgrund der hohen Zahl positiver Testergebnisse, trat im Landkreis Greiz am 18. M\u00e4rz 2021 eine neue Allgemeinverf\u00fcgung in Kraft. Sie war auf Weisung des Th\u00fcringer Gesundheitsministeriums erlassen worden, und gilt vorerst bis zum 31. M\u00e4rz 2021.<\/p>\n\n\n\n<p><a href=\"https:\/\/www.landkreis-greiz.de\/fileadmin\/user_upload\/Allgemeinverfuegung_fachaufsichtlicheWeisung_17_03_2021.pdf\">https:\/\/www.landkreis-greiz.de\/fileadmin\/user_upload\/Allgemeinverfuegung_fachaufsichtlicheWeisung_17_03_2021.pdf<\/a><\/p>\n\n\n\n<p>Die Allgemeinverf\u00fcgung beinhaltet Kontaktbeschr\u00e4nkungen, Alkoholverbotszonen und Ausgangsbeschr\u00e4nkungen. Der Aufenthalt im \u00f6ffentlichen Raum ist nur erlaubt, wenn ein triftiger Grund vorliegt. Dazu z\u00e4hlen Arztbesuche, Eink\u00e4ufe, der Besuch von Schulen und Kinderg\u00e4rten, und die Arbeit. Insgesamt sind zwanzig triftige Gr\u00fcnde aufgef\u00fchrt.<\/p>\n\n\n\n<p>Der Landkreis Greiz hat deutschlandweit den h\u00f6chsten Corona-Sieben-Tage-Wert. Er wurde am 17. M\u00e4rz 2021, 15.30 Uhr, mit 555,5 angegeben. Landr\u00e4tin Martina Schweinsburg begr\u00fcndete die hohen Werte mit einer intensiveren Test-T\u00e4tigkeit und sagte laut der Ostth\u00fcringer Zeitung, der Landkreis sei zum Erlass dieser Allgemeinverf\u00fcgung gen\u00f6tigt worden. Die Sinnhaftigkeit dieser Ma\u00dfnahmen k\u00f6nne sie nicht nachvollziehen. Niemand m\u00fcsse langfristig geplante Termine, ob beim Friseur, der Kosmetikerin oder in anderen unaufschiebbaren Vorhaben, absagen.<\/p>\n","protected":false},"excerpt":{"rendered":"<div class=\"mh-excerpt\"><p>Aufgrund der hohen Zahl positiver Testergebnisse, trat im Landkreis Greiz am 18. M\u00e4rz 2021 eine neue Allgemeinverf\u00fcgung in Kraft. Sie war auf Weisung des Th\u00fcringer Gesundheitsministeriums erlassen worden, und gilt vorerst bis zum 31. M\u00e4rz <a class=\"mh-excerpt-more\" href=\"https:\/\/www.studiogera.de\/001\/2021\/03\/18\/neue-restriktionen-im-landkreis-greiz\/\" title=\"NEUE RESTRIKTIONEN IM LANDKREIS GREIZ\">[&#8230;]<\/a><\/p>\n<\/div>","protected":false},"author":2,"featured_media":14458,"comment_status":"open","ping_status":"open","sticky":false,"template":"","format":"standard","meta":{"footnotes":""},"categories":[3],"tags":[],"class_list":{"0":"post-14457","1":"post","2":"type-post","3":"status-publish","4":"format-standard","5":"has-post-thumbnail","7":"category-lokal"},"_links":{"self":[{"href":"https:\/\/www.studiogera.de\/001\/wp-json\/wp\/v2\/posts\/14457","targetHints":{"allow":["GET"]}}],"collection":[{"href":"https:\/\/www.studiogera.de\/001\/wp-json\/wp\/v2\/posts"}],"about":[{"href":"https:\/\/www.studiogera.de\/001\/wp-json\/wp\/v2\/types\/post"}],"author":[{"embeddable":true,"href":"https:\/\/www.studiogera.de\/001\/wp-json\/wp\/v2\/users\/2"}],"replies":[{"embeddable":true,"href":"https:\/\/www.studiogera.de\/001\/wp-json\/wp\/v2\/comments?post=14457"}],"version-history":[{"count":1,"href":"https:\/\/www.studiogera.de\/001\/wp-json\/wp\/v2\/posts\/14457\/revisions"}],"predecessor-version":[{"id":14459,"href":"https:\/\/www.studiogera.de\/001\/wp-json\/wp\/v2\/posts\/14457\/revisions\/14459"}],"wp:featuredmedia":[{"embeddable":true,"href":"https:\/\/www.studiogera.de\/001\/wp-json\/wp\/v2\/media\/14458"}],"wp:attachment":[{"href":"https:\/\/www.studiogera.de\/001\/wp-json\/wp\/v2\/media?parent=14457"}],"wp:term":[{"taxonomy":"category","embeddable":true,"href":"https:\/\/www.studiogera.de\/001\/wp-json\/wp\/v2\/categories?post=14457"},{"taxonomy":"post_tag","embeddable":true,"href":"https:\/\/www.studiogera.de\/001\/wp-json\/wp\/v2\/tags?post=14457"}],"curies":[{"name":"wp","href":"https:\/\/api.w.org\/{rel}","templated":true}]}}