{"id":14470,"date":"2021-03-18T16:30:03","date_gmt":"2021-03-18T15:30:03","guid":{"rendered":"http:\/\/www.studiogera.de\/001\/?p=14470"},"modified":"2021-03-18T16:30:04","modified_gmt":"2021-03-18T15:30:04","slug":"neuer-sandsportbereich-im-hofwiesenpark","status":"publish","type":"post","link":"https:\/\/www.studiogera.de\/001\/2021\/03\/18\/neuer-sandsportbereich-im-hofwiesenpark\/","title":{"rendered":"NEUER SANDSPORTBEREICH IM HOFWIESENPARK"},"content":{"rendered":"\n<p>Am Mittwoch, den 17. M\u00e4rz, begannen die Bauarbeiten zur Errichtung neuer Beachvolleyball-Pl\u00e4tze auf der Fl\u00e4che am einstigen Sommerbad. Seit dem Abbau der dortigen Minigolfanlage lag die Fl\u00e4che vollst\u00e4ndig brach. Oberb\u00fcrgermeister Julian Vonarb k\u00fcndigte bereits in seiner Neujahrsansprache und w\u00e4hrend seiner ersten Digitalen B\u00fcrgersprechstunde in der letzten Woche an, diese Fl\u00e4che wieder beleben zu wollen.<\/p>\n\n\n\n<p>Die insgesamt rund 800 Tonnen Sand, ein spezieller Sportsand, stammen aus den Gera-Beach-Veranstaltungen der letzten beiden Jahre, welche auf dem Marktplatz stattfanden. Nach dem Erdaushub und dem Einbau der Drainage werden derzeit etwa 500 Tonnen Sand von der Adelheid Mei\u00dfner GmbH aufgesch\u00fcttet. Der Rest des Sandes wird zum Austausch des alten Sandes der bisherigen Beachvolleyballanlage im Hofwiesenpark und f\u00fcr das umliegende Areal um die neuen Pl\u00e4tze verwendet.<\/p>\n\n\n\n<p>Die Bauarbeiten sollen noch im M\u00e4rz beendet werden, sodass voraussichtlich im April erste Sportbegeisterte die Fl\u00e4chen unter Einhaltung der Hygienerichtlinien nutzen k\u00f6nnten.<\/p>\n\n\n\n<p>Ren\u00e9 Soboll, Leiter der Abteilung Sport, Ehrenamt und St\u00e4dtepartnerschaften, freut sich auf die neue Anlage: \u201eEs ist wichtig, den B\u00fcrgerinnen und B\u00fcrgern unserer Stadt gerade in der aktuellen Zeit zu zeigen, dass wir als Stadtverwaltung bem\u00fcht sind, neue attraktive Freizeitangebote zu schaffen. Die neuen fachgerechten Beachvolleyball-Pl\u00e4tze sollen f\u00fcr den Freizeit- und Breitensport, aber auch f\u00fcr die m\u00f6gliche Nutzung von Schulen bereitgestellt werden. Ich lade alle Interessierte ein, von diesem Angebot Gebrauch zu machen.\u201c<\/p>\n\n\n\n<p>QUELLE: STADTVERWALTUNG<\/p>\n","protected":false},"excerpt":{"rendered":"<div class=\"mh-excerpt\"><p>Am Mittwoch, den 17. M\u00e4rz, begannen die Bauarbeiten zur Errichtung neuer Beachvolleyball-Pl\u00e4tze auf der Fl\u00e4che am einstigen Sommerbad. Seit dem Abbau der dortigen Minigolfanlage lag die Fl\u00e4che vollst\u00e4ndig brach. Oberb\u00fcrgermeister Julian Vonarb k\u00fcndigte bereits in <a class=\"mh-excerpt-more\" href=\"https:\/\/www.studiogera.de\/001\/2021\/03\/18\/neuer-sandsportbereich-im-hofwiesenpark\/\" title=\"NEUER SANDSPORTBEREICH IM HOFWIESENPARK\">[&#8230;]<\/a><\/p>\n<\/div>","protected":false},"author":2,"featured_media":14471,"comment_status":"open","ping_status":"open","sticky":false,"template":"","format":"standard","meta":{"footnotes":""},"categories":[8],"tags":[],"class_list":{"0":"post-14470","1":"post","2":"type-post","3":"status-publish","4":"format-standard","5":"has-post-thumbnail","7":"category-kultur"},"_links":{"self":[{"href":"https:\/\/www.studiogera.de\/001\/wp-json\/wp\/v2\/posts\/14470","targetHints":{"allow":["GET"]}}],"collection":[{"href":"https:\/\/www.studiogera.de\/001\/wp-json\/wp\/v2\/posts"}],"about":[{"href":"https:\/\/www.studiogera.de\/001\/wp-json\/wp\/v2\/types\/post"}],"author":[{"embeddable":true,"href":"https:\/\/www.studiogera.de\/001\/wp-json\/wp\/v2\/users\/2"}],"replies":[{"embeddable":true,"href":"https:\/\/www.studiogera.de\/001\/wp-json\/wp\/v2\/comments?post=14470"}],"version-history":[{"count":1,"href":"https:\/\/www.studiogera.de\/001\/wp-json\/wp\/v2\/posts\/14470\/revisions"}],"predecessor-version":[{"id":14472,"href":"https:\/\/www.studiogera.de\/001\/wp-json\/wp\/v2\/posts\/14470\/revisions\/14472"}],"wp:featuredmedia":[{"embeddable":true,"href":"https:\/\/www.studiogera.de\/001\/wp-json\/wp\/v2\/media\/14471"}],"wp:attachment":[{"href":"https:\/\/www.studiogera.de\/001\/wp-json\/wp\/v2\/media?parent=14470"}],"wp:term":[{"taxonomy":"category","embeddable":true,"href":"https:\/\/www.studiogera.de\/001\/wp-json\/wp\/v2\/categories?post=14470"},{"taxonomy":"post_tag","embeddable":true,"href":"https:\/\/www.studiogera.de\/001\/wp-json\/wp\/v2\/tags?post=14470"}],"curies":[{"name":"wp","href":"https:\/\/api.w.org\/{rel}","templated":true}]}}