{"id":14473,"date":"2021-03-18T16:35:26","date_gmt":"2021-03-18T15:35:26","guid":{"rendered":"http:\/\/www.studiogera.de\/001\/?p=14473"},"modified":"2021-03-18T16:35:30","modified_gmt":"2021-03-18T15:35:30","slug":"neue-ulme-im-hofwiesenpark-gepflanzt","status":"publish","type":"post","link":"https:\/\/www.studiogera.de\/001\/2021\/03\/18\/neue-ulme-im-hofwiesenpark-gepflanzt\/","title":{"rendered":"NEUE ULME IM HOFWIESENPARK GEPFLANZT"},"content":{"rendered":"\n<p>Am Mittwoch, den 17. M\u00e4rz 2021, wurde im Partnerschaftsgarten der bulgarischen Stadt Sliven im Hofwiesenpark, eine neue, etwa drei Meter hohe Ulme gepflanzt. Dieser Baum erinnert an die tausendj\u00e4hrige Ulme in der Innenstadt der Geraer Partnerstadt Sliven; zugleich Wahrzeichen und Bestandteil des Wappens. Ihre Vorg\u00e4ngerin musste kurzfristig wegen Trockenheit und Sch\u00e4dlingsbefall ersetzt werden. Gepflanzt wurde der Baum, eine resistentere Art, von der Geraer Firma Grimm Landschaftsbau.<\/p>\n\n\n\n<p>Mit dabei waren neben zahlreichen Spendern Bernd Kr\u00fcger, aktiver Pate der St\u00e4dtepartnerschaft zwischen Gera und Sliven, Klaus Schulthei\u00df, Vorsitzender der Geraer Geh\u00f6lzfreunde, Karin Volkmer vom Kreisverband B\u00fcndnis &#8217;90\/Die Gr\u00fcnen und Ren\u00e9 Soboll, Leiter der Abteilung Sport, Ehrenamt und St\u00e4dtepartnerschaften.<\/p>\n\n\n\n<p>Herr Soboll zeigt sich sehr erfreut \u00fcber die Aktion: \u201eIch m\u00f6chte mich insbesondere bei Herrn Kr\u00fcger und Frau Volkmer f\u00fcr ihr au\u00dferordentliches Engagement bedanken. Sie haben die Idee nach vorn getrieben und Spenden gesammelt, um innerhalb eines kurzen Zeitraumes eine neue Ulme pflanzen zu k\u00f6nnen. Der Partnerschaftsgarten Sliven wird dank Ihnen wieder erheblich aufgewertet\u201c. Er formuliert zudem den Wunsch, \u201edass wir auch weiterhin auf solch ein gro\u00dfes ehrenamtliches Engagement der B\u00fcrger vertrauen k\u00f6nnen. Wir freuen uns immer \u00fcber weitere neue Paten f\u00fcr die G\u00e4rten unserer zw\u00f6lf Geraer Partnerst\u00e4dte\u201c.<\/p>\n\n\n\n<p>QUELLE: STADTVERWALTUNG<\/p>\n","protected":false},"excerpt":{"rendered":"<div class=\"mh-excerpt\"><p>Am Mittwoch, den 17. M\u00e4rz 2021, wurde im Partnerschaftsgarten der bulgarischen Stadt Sliven im Hofwiesenpark, eine neue, etwa drei Meter hohe Ulme gepflanzt. Dieser Baum erinnert an die tausendj\u00e4hrige Ulme in der Innenstadt der Geraer <a class=\"mh-excerpt-more\" href=\"https:\/\/www.studiogera.de\/001\/2021\/03\/18\/neue-ulme-im-hofwiesenpark-gepflanzt\/\" title=\"NEUE ULME IM HOFWIESENPARK GEPFLANZT\">[&#8230;]<\/a><\/p>\n<\/div>","protected":false},"author":2,"featured_media":14474,"comment_status":"open","ping_status":"open","sticky":false,"template":"","format":"standard","meta":{"footnotes":""},"categories":[8],"tags":[],"class_list":{"0":"post-14473","1":"post","2":"type-post","3":"status-publish","4":"format-standard","5":"has-post-thumbnail","7":"category-kultur"},"_links":{"self":[{"href":"https:\/\/www.studiogera.de\/001\/wp-json\/wp\/v2\/posts\/14473","targetHints":{"allow":["GET"]}}],"collection":[{"href":"https:\/\/www.studiogera.de\/001\/wp-json\/wp\/v2\/posts"}],"about":[{"href":"https:\/\/www.studiogera.de\/001\/wp-json\/wp\/v2\/types\/post"}],"author":[{"embeddable":true,"href":"https:\/\/www.studiogera.de\/001\/wp-json\/wp\/v2\/users\/2"}],"replies":[{"embeddable":true,"href":"https:\/\/www.studiogera.de\/001\/wp-json\/wp\/v2\/comments?post=14473"}],"version-history":[{"count":1,"href":"https:\/\/www.studiogera.de\/001\/wp-json\/wp\/v2\/posts\/14473\/revisions"}],"predecessor-version":[{"id":14475,"href":"https:\/\/www.studiogera.de\/001\/wp-json\/wp\/v2\/posts\/14473\/revisions\/14475"}],"wp:featuredmedia":[{"embeddable":true,"href":"https:\/\/www.studiogera.de\/001\/wp-json\/wp\/v2\/media\/14474"}],"wp:attachment":[{"href":"https:\/\/www.studiogera.de\/001\/wp-json\/wp\/v2\/media?parent=14473"}],"wp:term":[{"taxonomy":"category","embeddable":true,"href":"https:\/\/www.studiogera.de\/001\/wp-json\/wp\/v2\/categories?post=14473"},{"taxonomy":"post_tag","embeddable":true,"href":"https:\/\/www.studiogera.de\/001\/wp-json\/wp\/v2\/tags?post=14473"}],"curies":[{"name":"wp","href":"https:\/\/api.w.org\/{rel}","templated":true}]}}