{"id":14478,"date":"2021-03-18T16:55:51","date_gmt":"2021-03-18T15:55:51","guid":{"rendered":"http:\/\/www.studiogera.de\/001\/?p=14478"},"modified":"2021-03-18T16:55:53","modified_gmt":"2021-03-18T15:55:53","slug":"weisse-elster-museum-bittet-heimatkundler-um-mithilfe","status":"publish","type":"post","link":"https:\/\/www.studiogera.de\/001\/2021\/03\/18\/weisse-elster-museum-bittet-heimatkundler-um-mithilfe\/","title":{"rendered":"WEISSE ELSTER \u2014 MUSEUM BITTET HEIMATKUNDLER UM MITHILFE"},"content":{"rendered":"\n<p>Das Geraer Museum f\u00fcr Naturkunde plant f\u00fcr das Jahr 2022 ein Ausstellungsprojekt zum Fluss Wei\u00dfe Elster und ihrem Tal zwischen Greiz und Bad K\u00f6stritz.<\/p>\n\n\n\n<p>Die inhaltlichen Vorbereitungen sollen bis zum Jahresende 2021 abgeschlossen sein. Hierf\u00fcr werden Heimatkundler, Geschichts- und Heimatvereine, Ortschronisten und andere museale Einrichtungen um Mithilfe gebeten.<\/p>\n\n\n\n<p>Gesucht werden Quellen zu historischen Sichtungen oder Begegnungen mit dem Biber an der Wei\u00dfen Elster zwischen Greiz und Bad K\u00f6stritz innerhalb der letzten Jahrhunderte bis maximal 2019.<\/p>\n\n\n\n<p>Dar\u00fcber hinaus sucht das Museum aus der Elster stammende Flussperlmuschelschalen und aus solchen gefertigte Perlmuttgegenst\u00e4nde bzw. Schmuckgegenst\u00e4nde, die Perlen aus der Wei\u00dfen Elster enthalten.<\/p>\n\n\n\n<p>Interessierte, die \u00fcber entsprechendes Bildmaterial verf\u00fcgen oder anderweitige Quellen und Hinweise benennen k\u00f6nnen, sind herzlich eingeladen, sich telefonisch unter der Rufnummer <a href=\"https:\/\/www.google.com\/search?q=gera+museum+f%C3%BCr+naturkunde&amp;oq=gera+museum+f%C3%BCr+naturkunde&amp;aqs=chrome..69i57j0i22i30l2.6354j0j15&amp;sourceid=chrome&amp;ie=UTF-8#\">0365 52003<\/a> oder per elektronischer Post \u00fcber \u201e<a href=\"linkTo_UnCryptMailto(%27qempxs.qywiyq2jyiv2rexyvoyrhiDkive2hi%27);\">museum.fuer.naturkunde@gera.de<\/a>\u201c beim Museum f\u00fcr Naturkunde zu melden.<\/p>\n\n\n\n<p>QUELLE: STADTVERWALTUNG<\/p>\n","protected":false},"excerpt":{"rendered":"<div class=\"mh-excerpt\"><p>Das Geraer Museum f\u00fcr Naturkunde plant f\u00fcr das Jahr 2022 ein Ausstellungsprojekt zum Fluss Wei\u00dfe Elster und ihrem Tal zwischen Greiz und Bad K\u00f6stritz. Die inhaltlichen Vorbereitungen sollen bis zum Jahresende 2021 abgeschlossen sein. Hierf\u00fcr <a class=\"mh-excerpt-more\" href=\"https:\/\/www.studiogera.de\/001\/2021\/03\/18\/weisse-elster-museum-bittet-heimatkundler-um-mithilfe\/\" title=\"WEISSE ELSTER \u2014 MUSEUM BITTET HEIMATKUNDLER UM MITHILFE\">[&#8230;]<\/a><\/p>\n<\/div>","protected":false},"author":2,"featured_media":14479,"comment_status":"open","ping_status":"open","sticky":false,"template":"","format":"standard","meta":{"footnotes":""},"categories":[7],"tags":[],"class_list":{"0":"post-14478","1":"post","2":"type-post","3":"status-publish","4":"format-standard","5":"has-post-thumbnail","7":"category-regionalkunde"},"_links":{"self":[{"href":"https:\/\/www.studiogera.de\/001\/wp-json\/wp\/v2\/posts\/14478","targetHints":{"allow":["GET"]}}],"collection":[{"href":"https:\/\/www.studiogera.de\/001\/wp-json\/wp\/v2\/posts"}],"about":[{"href":"https:\/\/www.studiogera.de\/001\/wp-json\/wp\/v2\/types\/post"}],"author":[{"embeddable":true,"href":"https:\/\/www.studiogera.de\/001\/wp-json\/wp\/v2\/users\/2"}],"replies":[{"embeddable":true,"href":"https:\/\/www.studiogera.de\/001\/wp-json\/wp\/v2\/comments?post=14478"}],"version-history":[{"count":1,"href":"https:\/\/www.studiogera.de\/001\/wp-json\/wp\/v2\/posts\/14478\/revisions"}],"predecessor-version":[{"id":14480,"href":"https:\/\/www.studiogera.de\/001\/wp-json\/wp\/v2\/posts\/14478\/revisions\/14480"}],"wp:featuredmedia":[{"embeddable":true,"href":"https:\/\/www.studiogera.de\/001\/wp-json\/wp\/v2\/media\/14479"}],"wp:attachment":[{"href":"https:\/\/www.studiogera.de\/001\/wp-json\/wp\/v2\/media?parent=14478"}],"wp:term":[{"taxonomy":"category","embeddable":true,"href":"https:\/\/www.studiogera.de\/001\/wp-json\/wp\/v2\/categories?post=14478"},{"taxonomy":"post_tag","embeddable":true,"href":"https:\/\/www.studiogera.de\/001\/wp-json\/wp\/v2\/tags?post=14478"}],"curies":[{"name":"wp","href":"https:\/\/api.w.org\/{rel}","templated":true}]}}