{"id":14481,"date":"2021-03-18T17:33:32","date_gmt":"2021-03-18T16:33:32","guid":{"rendered":"http:\/\/www.studiogera.de\/001\/?p=14481"},"modified":"2021-03-18T17:33:33","modified_gmt":"2021-03-18T16:33:33","slug":"oberbuergermeister-draengt-auf-wiedereroeffnung-des-impfzentrums","status":"publish","type":"post","link":"https:\/\/www.studiogera.de\/001\/2021\/03\/18\/oberbuergermeister-draengt-auf-wiedereroeffnung-des-impfzentrums\/","title":{"rendered":"OBERB\u00dcRGERMEISTER DR\u00c4NGT AUF WIEDERER\u00d6FFNUNG DES IMPFZENTRUMS"},"content":{"rendered":"\n<p>In einem Brief an den Ministerpr\u00e4sidenten des Freistaats Th\u00fcringen, Bodo Ramelow, dr\u00e4ngt Oberb\u00fcrgermeister Julian Vonarb auf die schnellstm\u00f6gliche Wiederer\u00f6ffnung des Impfzentrums in Gera.<\/p>\n\n\n\n<p>Er verweist darauf, dass mit der Inbetriebnahme vor einer Woche die gro\u00dfe Erwartung verbunden war, mehr als 1400 Menschen t\u00e4glich in Ostth\u00fcringen durch Impfungen gegen das Corona-Virus zu sch\u00fctzen. Am 15. M\u00e4rz 2021 musste das Impfzentrum geschlossen werden, w\u00e4hrend im Gegenzug festzustellen sei, dass sich das Infektionsgeschehen in den benachbarten Gebietsk\u00f6rperschaften in k\u00fcrzester Zeit dramatisch verst\u00e4rke.<\/p>\n\n\n\n<p>Der Landkreis Greiz, der die Stadt Gera nahezu vollst\u00e4ndig umgibt, weist seit Tagen deutschlandweit die h\u00f6chsten Werte auf. Viele B\u00fcrger pendeln zwischen den beiden Gebieten. T\u00e4glich kommen mehr als 6500 Menschen aus dem Landkreis Greiz zur Arbeit nach Gera; mehr als 3300 Geraer B\u00fcrger gehen einer sozialversicherungspflichtigen Besch\u00e4ftigung im Landkreis Greiz nach. Hinzu kommen au\u00dferdem mehr als 1000 Pendler aus den Regionen Erzgebirgskreis, Vogtlandkreis und Landkreis Zwickau, welche ebenfals hohe Werte haben (Quelle: Th\u00fcringer Landesamt f\u00fcr Statistik, \u201ePendlerverhalten der sozialversicherungspflichtig Besch\u00e4ftigten in Th\u00fcringen am 30.6.2020 Vorl\u00e4ufige Ergebnisse\u201c, Heft 35\/21, Herausgegeben im Februar 2021).<\/p>\n\n\n\n<p>Vonarb f\u00fchrt an, dass durch diesen enormen Austausch zwischen den Bewohnern Geras und anderer Risikogebiete ein erh\u00f6htes Infektionsrisiko bestehe. Auch in Gera steige die Inzidenz stark an. Am 18. M\u00e4rz wurde ein Wert von 197,6 angegeben; am 11. M\u00e4rz lag er noch bei 107,4.<\/p>\n\n\n\n<p>\u201eIch bitte Sie daher schnellstm\u00f6glich L\u00f6sungen f\u00fcr die Wiederinbetriebnahme des Impfzentrums zu finden. Auch unter Zurverf\u00fcgungstellung von Sonderkontingenten. Denn mit Stand 15. M\u00e4rz 2021 wurden innerhalb von f\u00fcnf Tagen im Geraer Impfzentrum fast doppelt so viele Menschen geimpft wie in zwei Monaten in der Geraer Impfstelle. Diese jetzt bestehende und gut funktionierende Infrastruktur des Impfzentrums muss unverz\u00fcglich wieder hochgefahren werden. Mit einem raschen Weiterbetrieb w\u00e4re nicht nur den B\u00fcrgerinnen und B\u00fcrgern der Stadt Gera, sondern dem gesamten Raum Ostth\u00fcringen geholfen\u201c, so Julian Vonarb in seinem Brief.<\/p>\n\n\n\n<p>Weiterhin erkl\u00e4rt der Geraer Oberb\u00fcrgermeister seine Unterst\u00fctzung zur Umsetzung von dringend ben\u00f6tigten gestaffelten \u00d6ffnungspl\u00e4nen, da trotz hoher Inzidenzwerte ein Weg zu mehr Normalit\u00e4t gefunden werden m\u00fcsse. Die Wirtschaft, der Handel, die Gastronomie, Veranstalter und viele weitere stehen vor massiven wirtschaftlichen Problemen. Er schl\u00e4gt vor, neben den Inzidenzwerten auch die Altersklasse der jeweils positiven aktiven F\u00e4lle, die Auslastung von Krankenhausbetten und die lokale Impfquote zu ber\u00fccksichtigen und umfassende Testangebote zu erm\u00f6glichen.<\/p>\n","protected":false},"excerpt":{"rendered":"<div class=\"mh-excerpt\"><p>In einem Brief an den Ministerpr\u00e4sidenten des Freistaats Th\u00fcringen, Bodo Ramelow, dr\u00e4ngt Oberb\u00fcrgermeister Julian Vonarb auf die schnellstm\u00f6gliche Wiederer\u00f6ffnung des Impfzentrums in Gera. Er verweist darauf, dass mit der Inbetriebnahme vor einer Woche die gro\u00dfe <a class=\"mh-excerpt-more\" href=\"https:\/\/www.studiogera.de\/001\/2021\/03\/18\/oberbuergermeister-draengt-auf-wiedereroeffnung-des-impfzentrums\/\" title=\"OBERB\u00dcRGERMEISTER DR\u00c4NGT AUF WIEDERER\u00d6FFNUNG DES IMPFZENTRUMS\">[&#8230;]<\/a><\/p>\n<\/div>","protected":false},"author":2,"featured_media":14399,"comment_status":"open","ping_status":"open","sticky":false,"template":"","format":"standard","meta":{"footnotes":""},"categories":[3],"tags":[],"class_list":{"0":"post-14481","1":"post","2":"type-post","3":"status-publish","4":"format-standard","5":"has-post-thumbnail","7":"category-lokal"},"_links":{"self":[{"href":"https:\/\/www.studiogera.de\/001\/wp-json\/wp\/v2\/posts\/14481","targetHints":{"allow":["GET"]}}],"collection":[{"href":"https:\/\/www.studiogera.de\/001\/wp-json\/wp\/v2\/posts"}],"about":[{"href":"https:\/\/www.studiogera.de\/001\/wp-json\/wp\/v2\/types\/post"}],"author":[{"embeddable":true,"href":"https:\/\/www.studiogera.de\/001\/wp-json\/wp\/v2\/users\/2"}],"replies":[{"embeddable":true,"href":"https:\/\/www.studiogera.de\/001\/wp-json\/wp\/v2\/comments?post=14481"}],"version-history":[{"count":1,"href":"https:\/\/www.studiogera.de\/001\/wp-json\/wp\/v2\/posts\/14481\/revisions"}],"predecessor-version":[{"id":14482,"href":"https:\/\/www.studiogera.de\/001\/wp-json\/wp\/v2\/posts\/14481\/revisions\/14482"}],"wp:featuredmedia":[{"embeddable":true,"href":"https:\/\/www.studiogera.de\/001\/wp-json\/wp\/v2\/media\/14399"}],"wp:attachment":[{"href":"https:\/\/www.studiogera.de\/001\/wp-json\/wp\/v2\/media?parent=14481"}],"wp:term":[{"taxonomy":"category","embeddable":true,"href":"https:\/\/www.studiogera.de\/001\/wp-json\/wp\/v2\/categories?post=14481"},{"taxonomy":"post_tag","embeddable":true,"href":"https:\/\/www.studiogera.de\/001\/wp-json\/wp\/v2\/tags?post=14481"}],"curies":[{"name":"wp","href":"https:\/\/api.w.org\/{rel}","templated":true}]}}