{"id":14487,"date":"2021-03-19T08:01:00","date_gmt":"2021-03-19T07:01:00","guid":{"rendered":"http:\/\/www.studiogera.de\/001\/?p=14487"},"modified":"2021-03-19T00:31:43","modified_gmt":"2021-03-18T23:31:43","slug":"panndorfhalle-seit-7-30-uhr-wieder-fuer-impflinge-geoeffnet","status":"publish","type":"post","link":"https:\/\/www.studiogera.de\/001\/2021\/03\/19\/panndorfhalle-seit-7-30-uhr-wieder-fuer-impflinge-geoeffnet\/","title":{"rendered":"PANNDORFHALLE SEIT 7.30 UHR WIEDER F\u00dcR IMPFLINGE GE\u00d6FFNET"},"content":{"rendered":"\n<p>Impftermine in den \u00fcberregionalen Impfzentren \u201eMesse Erfurt\u201c und \u201ePanndorfhalle Gera\u201c k\u00f6nnen ab dem 19. M\u00e4rz 2021 wieder wahrgenommen werden. Das teilt das zust\u00e4ndige Th\u00fcringer Ministerium mit. Bei der Gesundheitsministerkonferenz wurde entschieden, dass in Deutschland ab dem 19. M\u00e4rz wieder das Serum von Astrazeneca verimpft werden kann. Die Impflinge werden noch st\u00e4rker \u00fcber die Risiken aufgekl\u00e4rt. Es wird nun gewarnt vor m\u00f6glichen seltenen F\u00e4llen von Thrombosen in den Hirnvenen. Um 7.30 Uhr \u00f6ffnen die Impfzentren in Erfurt und Gera.<\/p>\n","protected":false},"excerpt":{"rendered":"<div class=\"mh-excerpt\"><p>Impftermine in den \u00fcberregionalen Impfzentren \u201eMesse Erfurt\u201c und \u201ePanndorfhalle Gera\u201c k\u00f6nnen ab dem 19. M\u00e4rz 2021 wieder wahrgenommen werden. Das teilt das zust\u00e4ndige Th\u00fcringer Ministerium mit. Bei der Gesundheitsministerkonferenz wurde entschieden, dass in Deutschland ab <a class=\"mh-excerpt-more\" href=\"https:\/\/www.studiogera.de\/001\/2021\/03\/19\/panndorfhalle-seit-7-30-uhr-wieder-fuer-impflinge-geoeffnet\/\" title=\"PANNDORFHALLE SEIT 7.30 UHR WIEDER F\u00dcR IMPFLINGE GE\u00d6FFNET\">[&#8230;]<\/a><\/p>\n<\/div>","protected":false},"author":2,"featured_media":10673,"comment_status":"open","ping_status":"open","sticky":false,"template":"","format":"standard","meta":{"footnotes":""},"categories":[16],"tags":[],"class_list":{"0":"post-14487","1":"post","2":"type-post","3":"status-publish","4":"format-standard","5":"has-post-thumbnail","7":"category-kurzmitteilungen"},"_links":{"self":[{"href":"https:\/\/www.studiogera.de\/001\/wp-json\/wp\/v2\/posts\/14487","targetHints":{"allow":["GET"]}}],"collection":[{"href":"https:\/\/www.studiogera.de\/001\/wp-json\/wp\/v2\/posts"}],"about":[{"href":"https:\/\/www.studiogera.de\/001\/wp-json\/wp\/v2\/types\/post"}],"author":[{"embeddable":true,"href":"https:\/\/www.studiogera.de\/001\/wp-json\/wp\/v2\/users\/2"}],"replies":[{"embeddable":true,"href":"https:\/\/www.studiogera.de\/001\/wp-json\/wp\/v2\/comments?post=14487"}],"version-history":[{"count":2,"href":"https:\/\/www.studiogera.de\/001\/wp-json\/wp\/v2\/posts\/14487\/revisions"}],"predecessor-version":[{"id":14490,"href":"https:\/\/www.studiogera.de\/001\/wp-json\/wp\/v2\/posts\/14487\/revisions\/14490"}],"wp:featuredmedia":[{"embeddable":true,"href":"https:\/\/www.studiogera.de\/001\/wp-json\/wp\/v2\/media\/10673"}],"wp:attachment":[{"href":"https:\/\/www.studiogera.de\/001\/wp-json\/wp\/v2\/media?parent=14487"}],"wp:term":[{"taxonomy":"category","embeddable":true,"href":"https:\/\/www.studiogera.de\/001\/wp-json\/wp\/v2\/categories?post=14487"},{"taxonomy":"post_tag","embeddable":true,"href":"https:\/\/www.studiogera.de\/001\/wp-json\/wp\/v2\/tags?post=14487"}],"curies":[{"name":"wp","href":"https:\/\/api.w.org\/{rel}","templated":true}]}}