{"id":14491,"date":"2021-03-19T00:50:23","date_gmt":"2021-03-18T23:50:23","guid":{"rendered":"http:\/\/www.studiogera.de\/001\/?p=14491"},"modified":"2021-03-19T00:50:24","modified_gmt":"2021-03-18T23:50:24","slug":"die-zuegel-werden-nach-ostern-wieder-angezogen","status":"publish","type":"post","link":"https:\/\/www.studiogera.de\/001\/2021\/03\/19\/die-zuegel-werden-nach-ostern-wieder-angezogen\/","title":{"rendered":"DIE \u201eZ\u00dcGEL\u201c WERDEN NACH OSTERN WIEDER \u201eANGEZOGEN\u201c"},"content":{"rendered":"\n<p>Am 18. M\u00e4rz 2021 hatte die Zahl der positiv getesteten Menschen einen Anteil von 0,17 % an der Gesamtbev\u00f6lkerung in Deutschland. Seit Ausrufung der Pandemie starben 0,088 % der Gesamtbev\u00f6lkerung in Verbindung mit einem positiven Testergebnis als Nachweis f\u00fcr \u201eCovid-19\u201c. 2861 Menschen der 0,17 % befinden sich im Krankenhaus. Das sind 0,0034 % der Gesamtbev\u00f6lkerung. Somit sind 98 % der testpositiven Menschen nicht hospitalisiert. Das \u00c4rzteblatt schreibt von einer historisch niedrigen Bettenauslastung in den Krankenh\u00e4usern (siehe \u201e<a href=\"http:\/\/www.aerzteblatt.de\/archiv\/218200\/COVID-19-Pandemie-Historisch-niedrige-Bettenauslastung\">http:\/\/www.aerzteblatt.de\/archiv\/218200\/COVID-19-Pandemie-Historisch-niedrige-Bettenauslastung<\/a>\u201c).<\/p>\n\n\n\n<p>Experten sprechen nun von einem exponentiellen Anstieg der Fallzahlen und fordern die Regierenden zum Handeln auf. Professor Dr. med. Frank Ulrich Montgomery, Vorsitzender des Welt\u00e4rztebundes, warnt, die dritte Welle werde schlimmer als jede zuvor. Etwa 15 % bis 20 % der Menschen verhielten sich unvern\u00fcnftig. Diese Hedonisten seien f\u00fcr die hohen Zahlen verantwortlich, sagte er in der Fernsehsendung \u201eMaybrit Illner\u201c. Bundesinnenminister Horst Seehofer fordert eine deutliche Vereinfachung der Corona-Regeln, und Bayerns Ministerpr\u00e4sident Markus S\u00f6der verlangt eine einheitliche Durchsetzung der \u201eharten Notbremse\u201c, wenn der Sieben-Tage-Wert von 100 \u00fcberschritten ist. Bereits vor mehreren Monaten hatte die Bundeskanzlerin davon gesprochen, dass die Z\u00fcgel bei hohen Zahlen angezogen werden m\u00fcssten. Allerdings hie\u00df es damals auch, die Ma\u00dfnahmen seien nur solange n\u00f6tig, bis ein Impfstoff zur Verf\u00fcgung stehe. Doch mittlerweile sollen sich mehrere Mutanten verbreitet haben.<\/p>\n\n\n\n<p>Erkennbar ist inzwischen der Aufbau eines neuen Konzepts f\u00fcr gesellschaftliche Teilhabe und Bewegungen im \u00f6ffentlichen Raum. Wichtiger Bestandteil werden Tests, Impfungen und der QR-Code sein. Am 17. M\u00e4rz stellte die Europ\u00e4ische Kommission ihren Entwurf f\u00fcr ein \u201eDigitales gr\u00fcnes Zertifikat\u201c vor. Es soll Daten \u00fcber Impfungen, Tests und \u00fcberstandene Covid-19-Erkrankungen enthalten. Bis zum 1. Juni 2021 soll der verbindliche Rechtsrahmen geschaffen sein. Die technische Umsetzung wird in den kommenden Monaten folgen. Auf dem Smartphone erscheint ein QR-Code, der den Zugang zu bestimmten Bereichen erm\u00f6glichen soll. <\/p>\n\n\n\n<p>Beobachter gehen davon aus, dass ungeimpfte Menschen dann mit erheblichen Beschr\u00e4nkungen leben m\u00fcssen und ihre Wohnung beispielsweise nur mit triftigem Grund verlassen d\u00fcrfen. Um eine hohe Akzeptanz zu erwirken, werde das \u201eDigitale gr\u00fcne Zertifikat\u201c h\u00f6chstwahrscheinlich w\u00e4hrend einer l\u00e4ngeren Shutdown-Phase eingef\u00fchrt.<\/p>\n","protected":false},"excerpt":{"rendered":"<div class=\"mh-excerpt\"><p>Am 18. M\u00e4rz 2021 hatte die Zahl der positiv getesteten Menschen einen Anteil von 0,17 % an der Gesamtbev\u00f6lkerung in Deutschland. Seit Ausrufung der Pandemie starben 0,088 % der Gesamtbev\u00f6lkerung in Verbindung mit einem positiven <a class=\"mh-excerpt-more\" href=\"https:\/\/www.studiogera.de\/001\/2021\/03\/19\/die-zuegel-werden-nach-ostern-wieder-angezogen\/\" title=\"DIE \u201eZ\u00dcGEL\u201c WERDEN NACH OSTERN WIEDER \u201eANGEZOGEN\u201c\">[&#8230;]<\/a><\/p>\n<\/div>","protected":false},"author":2,"featured_media":14492,"comment_status":"open","ping_status":"open","sticky":false,"template":"","format":"standard","meta":{"footnotes":""},"categories":[1],"tags":[],"class_list":{"0":"post-14491","1":"post","2":"type-post","3":"status-publish","4":"format-standard","5":"has-post-thumbnail","7":"category-vermischtes"},"_links":{"self":[{"href":"https:\/\/www.studiogera.de\/001\/wp-json\/wp\/v2\/posts\/14491","targetHints":{"allow":["GET"]}}],"collection":[{"href":"https:\/\/www.studiogera.de\/001\/wp-json\/wp\/v2\/posts"}],"about":[{"href":"https:\/\/www.studiogera.de\/001\/wp-json\/wp\/v2\/types\/post"}],"author":[{"embeddable":true,"href":"https:\/\/www.studiogera.de\/001\/wp-json\/wp\/v2\/users\/2"}],"replies":[{"embeddable":true,"href":"https:\/\/www.studiogera.de\/001\/wp-json\/wp\/v2\/comments?post=14491"}],"version-history":[{"count":1,"href":"https:\/\/www.studiogera.de\/001\/wp-json\/wp\/v2\/posts\/14491\/revisions"}],"predecessor-version":[{"id":14493,"href":"https:\/\/www.studiogera.de\/001\/wp-json\/wp\/v2\/posts\/14491\/revisions\/14493"}],"wp:featuredmedia":[{"embeddable":true,"href":"https:\/\/www.studiogera.de\/001\/wp-json\/wp\/v2\/media\/14492"}],"wp:attachment":[{"href":"https:\/\/www.studiogera.de\/001\/wp-json\/wp\/v2\/media?parent=14491"}],"wp:term":[{"taxonomy":"category","embeddable":true,"href":"https:\/\/www.studiogera.de\/001\/wp-json\/wp\/v2\/categories?post=14491"},{"taxonomy":"post_tag","embeddable":true,"href":"https:\/\/www.studiogera.de\/001\/wp-json\/wp\/v2\/tags?post=14491"}],"curies":[{"name":"wp","href":"https:\/\/api.w.org\/{rel}","templated":true}]}}