{"id":14494,"date":"2021-03-19T12:38:37","date_gmt":"2021-03-19T11:38:37","guid":{"rendered":"http:\/\/www.studiogera.de\/001\/?p=14494"},"modified":"2021-03-19T12:38:38","modified_gmt":"2021-03-19T11:38:38","slug":"stellungnahme-zum-gewebegebiet-bieblacher-berg","status":"publish","type":"post","link":"https:\/\/www.studiogera.de\/001\/2021\/03\/19\/stellungnahme-zum-gewebegebiet-bieblacher-berg\/","title":{"rendered":"STELLUNGNAHME ZUM \u201eGEWEBEGEBIET BIEBLACHER BERG\u201c"},"content":{"rendered":"\n<p><em>Lesen Sie hier die Stellungnahme des Oberb\u00fcrgermeisters Julian Vonarb zur Begehung der Gr\u00fcnfl\u00e4che im vorgesehenen Geltungsbereich des Bebauungsplanes B\/155\/21 \u201eGewerbegebiet Bieblacher Berg\u201c (gem\u00e4\u00df Aufstellungsbeschluss vom 24. Februar 2021) am 16. M\u00e4rz 2021.<\/em><\/p>\n\n\n\n<p>\u201eAm 24. Februar 2021 gab der Stadtrat mit nur einer Gegenstimme gr\u00fcnes Licht f\u00fcr die Aufstellung eines Bebauungsplanes f\u00fcr das \u201aGewerbegebiet Bieblacher Berg\u2018. Damit wurde die Grundlage geschaffen, um expansionswilligen regionalen und \u00fcberregionalen Unternehmen hier in Gera echte Perspektiven zu geben. Gleichzeitig sind mit der Entwicklung eines Gewerbegebietes gro\u00dfe Chancen f\u00fcr Bieblach-Ost verbunden. Das ist der dringend notwendige Anfang eines Konjunkturpaketes f\u00fcr den Stadtteil, auf den seine Bewohnerinnen und Bewohner in Zukunft wieder stolz sein sollen.<\/p>\n\n\n\n<p>Die Aufgabe f\u00fcr die Stadtverwaltung ist daher ganz klar: Die Entwicklung eines Bebauungsplanes f\u00fcr ein Gewerbegebiet, das sich in den Stadtteil einf\u00fcgt und ihn ma\u00dfgeblich aufwertet. Dabei werden bestehende Nutzungen, vorhandene Gr\u00fcnstrukturen und Artenbest\u00e4nde sowie die Vorschriften des Artenschutzes bei der Planung in jedem Falle ber\u00fccksichtigt. Es geht nicht zuletzt auch darum, die Aufenthaltsqualit\u00e4t in diesem Bereich f\u00fcr die Anwohnerinnen und Anwohner zu erh\u00f6hen, nicht nur durch die Wiederbelebung von Bieblach-Ost im Zuge m\u00f6glicher Ansiedlungen, sondern auch durch die zielgerichtete Entwicklung von Gr\u00fcnfl\u00e4chen und elementen. Ich verstehe die \u00c4ngste und Sorgen der Bev\u00f6lkerung in diesem Zusammenhang und lade daher alle Interessierten zu einem intensiven Austausch im Rahmen des n\u00e4chsten digitalen B\u00fcrgerdialogs mit Schwerpunkt Wirtschaftsf\u00f6rderung am 21. April ein.<\/p>\n\n\n\n<p>Eines muss klar sein: Mein Ziel ist es, die desastr\u00f6se Ansiedlungshistorie Geras mit vielen vergebenen Chancen f\u00fcr die Stadt und ihre Bev\u00f6lkerung zu beenden. Die Verantwortlichen in Verwaltung und Politik sind geradezu verpflichtet, Unternehmen Entwicklungsm\u00f6glichkeiten zu geben, um zus\u00e4tzliche und vielf\u00e4ltige Arbeitspl\u00e4tze zu schaffen und langfristig zu sichern. Ansiedlung \u2013 insbesondere des produzierenden Gewerbes \u2013 ist Zukunftssicherung, denn nur durch ausreichend Gewerbe schaffen wir die wichtigen Grundlagen f\u00fcr die Weiterentwicklung unserer Stadt in allen Bereichen.\u201c<\/p>\n\n\n\n<p>QUELLE: STADTVERWALTUNG<\/p>\n","protected":false},"excerpt":{"rendered":"<div class=\"mh-excerpt\"><p>Lesen Sie hier die Stellungnahme des Oberb\u00fcrgermeisters Julian Vonarb zur Begehung der Gr\u00fcnfl\u00e4che im vorgesehenen Geltungsbereich des Bebauungsplanes B\/155\/21 \u201eGewerbegebiet Bieblacher Berg\u201c (gem\u00e4\u00df Aufstellungsbeschluss vom 24. Februar 2021) am 16. M\u00e4rz 2021. \u201eAm 24. Februar <a class=\"mh-excerpt-more\" href=\"https:\/\/www.studiogera.de\/001\/2021\/03\/19\/stellungnahme-zum-gewebegebiet-bieblacher-berg\/\" title=\"STELLUNGNAHME ZUM \u201eGEWEBEGEBIET BIEBLACHER BERG\u201c\">[&#8230;]<\/a><\/p>\n<\/div>","protected":false},"author":2,"featured_media":14495,"comment_status":"open","ping_status":"open","sticky":false,"template":"","format":"standard","meta":{"footnotes":""},"categories":[3],"tags":[],"class_list":{"0":"post-14494","1":"post","2":"type-post","3":"status-publish","4":"format-standard","5":"has-post-thumbnail","7":"category-lokal"},"_links":{"self":[{"href":"https:\/\/www.studiogera.de\/001\/wp-json\/wp\/v2\/posts\/14494","targetHints":{"allow":["GET"]}}],"collection":[{"href":"https:\/\/www.studiogera.de\/001\/wp-json\/wp\/v2\/posts"}],"about":[{"href":"https:\/\/www.studiogera.de\/001\/wp-json\/wp\/v2\/types\/post"}],"author":[{"embeddable":true,"href":"https:\/\/www.studiogera.de\/001\/wp-json\/wp\/v2\/users\/2"}],"replies":[{"embeddable":true,"href":"https:\/\/www.studiogera.de\/001\/wp-json\/wp\/v2\/comments?post=14494"}],"version-history":[{"count":1,"href":"https:\/\/www.studiogera.de\/001\/wp-json\/wp\/v2\/posts\/14494\/revisions"}],"predecessor-version":[{"id":14496,"href":"https:\/\/www.studiogera.de\/001\/wp-json\/wp\/v2\/posts\/14494\/revisions\/14496"}],"wp:featuredmedia":[{"embeddable":true,"href":"https:\/\/www.studiogera.de\/001\/wp-json\/wp\/v2\/media\/14495"}],"wp:attachment":[{"href":"https:\/\/www.studiogera.de\/001\/wp-json\/wp\/v2\/media?parent=14494"}],"wp:term":[{"taxonomy":"category","embeddable":true,"href":"https:\/\/www.studiogera.de\/001\/wp-json\/wp\/v2\/categories?post=14494"},{"taxonomy":"post_tag","embeddable":true,"href":"https:\/\/www.studiogera.de\/001\/wp-json\/wp\/v2\/tags?post=14494"}],"curies":[{"name":"wp","href":"https:\/\/api.w.org\/{rel}","templated":true}]}}