{"id":14497,"date":"2021-03-19T13:15:34","date_gmt":"2021-03-19T12:15:34","guid":{"rendered":"http:\/\/www.studiogera.de\/001\/?p=14497"},"modified":"2021-03-19T13:15:35","modified_gmt":"2021-03-19T12:15:35","slug":"deutschland-vor-einer-weiteren-beschraenkungsphase","status":"publish","type":"post","link":"https:\/\/www.studiogera.de\/001\/2021\/03\/19\/deutschland-vor-einer-weiteren-beschraenkungsphase\/","title":{"rendered":"DEUTSCHLAND VOR EINER WEITEREN BESCHR\u00c4NKUNGSPHASE"},"content":{"rendered":"\n<p>Nach Ansicht von Karl Lauterbach dominiere in Deutschland eine hochansteckende Virusvariante, und vor der Haust\u00fcr warteten noch deutlich gef\u00e4hrlichere Mutationen. Diese k\u00f6nnten durch Urlaubsreisen nach Deutschland gelangen. Entsprechend \u00e4u\u00dferte er sich zur Bundespressekonferenz am 19. M\u00e4rz 2021. Man befinde sich in einer fulminanten dritten Welle und m\u00fcsse nun zur\u00fcck zum Lockdown. Vor allem unter Sch\u00fclern w\u00fcrden sich die neuen Varianten verbreiten. Eine Herdenimmunit\u00e4t k\u00f6nne aber nicht erreicht werden, solange Kinder ungeimpft blieben. Doch vor dem Sommer sei die Impfung dieser Gruppe nicht m\u00f6glich, weil die Anforderungen an Impfstoffe hier h\u00f6her seien.<\/p>\n\n\n\n<p>Bundespr\u00e4sident Frank Walter Steinmeier sagte um 11.47 Uhr in seiner Rede zur Ehrung der Biontech-Gr\u00fcnder, die Pandemie sei erst vorbei, wenn sie \u00fcberall in der Welt vorbei sei. Die dritte Welle werde l\u00e4nger anhalten, meinte Biontech-Gr\u00fcnder Ugur Sahin um 12.05 Uhr.<\/p>\n\n\n\n<p>Weltweit gebe es derzeit mehr als 4000 Varianten. Im Blick stehen in Deutschland derzeit drei Varianten, die aus dem Ursprungsvirus hervorgegangen sein sollen.<\/p>\n\n\n\n<p><strong>B.1.17 &#8222;britische Variante&#8220;<\/strong><\/p>\n\n\n\n<ul class=\"wp-block-list\"><li>zuerst in Gro\u00dfbritannien nachgewiesen<\/li><li>h\u00f6here Ansteckungsrate<\/li><li>in Deutschland zuerst am 24. Dezember 2020 nachgewiesen<\/li><li>Anteil in positiven Proben (Nachtestungen) in Deutschland in der KW 10: 72,2 %<\/li><\/ul>\n\n\n\n<p><strong>B.1.351 &#8222;s\u00fcdafrikanische Variante&#8220;<\/strong><\/p>\n\n\n\n<ul class=\"wp-block-list\"><li>zuerst in S\u00fcdafrika nachgewiesen<\/li><li>reduzierte Wirksamkeit der Immunantwort nach Infektion bzw. Impfung<\/li><li>in Deutschland zuerst am 12. Januar 2021 nachgewiesen<\/li><\/ul>\n\n\n\n<p><strong>B.1.1.28 P.1 &#8222;brasilianische Variante&#8220;<\/strong><\/p>\n\n\n\n<ul class=\"wp-block-list\"><li>zuerst in Brasilien nachgewiesen<\/li><li>Hinweise auf m\u00f6gliche Wiederansteckung<\/li><li>in Deutschland zuerst am 22. Januar 2021 nachgewiesen<\/li><\/ul>\n\n\n\n<p>Eine Herdenimmunit\u00e4t wird aus Sicht der WHO erreicht, wenn 60 % bis 70 % der Menschen vollst\u00e4ndig geimpft sind. In Deutschland lag der Anteil der vollst\u00e4ndig geimpften am 19. M\u00e4rz 2021 bei 3,8 %.<\/p>\n\n\n\n<p>Es zeichnet sich derzeit ab, dass die Postulierung neuer Mutanten, Masken, Tests, physische Distanzierung und Schlie\u00dfungen von Gesch\u00e4ften weiterhin zum Alltag geh\u00f6ren werden. Hinzu kommt aller Wahrscheinlichkeit nach ein digitaler Pass mit QR-Code, welcher es erlauben wird, sich in bestimmten Bereichen zu bewegen, wenn man die darauf vorgegebenen Kriterien erf\u00fcllt.<\/p>\n\n\n\n<p>In einigen von der Schlie\u00dfung betroffenen Branchen war man in den vergangenen Tagen von Lockerungen ab Ostern ausgegangen und hat entsprechende Vorbereitungen getroffen. Bei erneuten Beschr\u00e4nkungen f\u00fcrchten nicht wenige Unternehmen um ihre wirtschaftliche Existenz.<\/p>\n","protected":false},"excerpt":{"rendered":"<div class=\"mh-excerpt\"><p>Nach Ansicht von Karl Lauterbach dominiere in Deutschland eine hochansteckende Virusvariante, und vor der Haust\u00fcr warteten noch deutlich gef\u00e4hrlichere Mutationen. Diese k\u00f6nnten durch Urlaubsreisen nach Deutschland gelangen. Entsprechend \u00e4u\u00dferte er sich zur Bundespressekonferenz am 19. <a class=\"mh-excerpt-more\" href=\"https:\/\/www.studiogera.de\/001\/2021\/03\/19\/deutschland-vor-einer-weiteren-beschraenkungsphase\/\" title=\"DEUTSCHLAND VOR EINER WEITEREN BESCHR\u00c4NKUNGSPHASE\">[&#8230;]<\/a><\/p>\n<\/div>","protected":false},"author":2,"featured_media":14498,"comment_status":"open","ping_status":"open","sticky":false,"template":"","format":"standard","meta":{"footnotes":""},"categories":[2],"tags":[],"class_list":{"0":"post-14497","1":"post","2":"type-post","3":"status-publish","4":"format-standard","5":"has-post-thumbnail","7":"category-weltweit"},"_links":{"self":[{"href":"https:\/\/www.studiogera.de\/001\/wp-json\/wp\/v2\/posts\/14497","targetHints":{"allow":["GET"]}}],"collection":[{"href":"https:\/\/www.studiogera.de\/001\/wp-json\/wp\/v2\/posts"}],"about":[{"href":"https:\/\/www.studiogera.de\/001\/wp-json\/wp\/v2\/types\/post"}],"author":[{"embeddable":true,"href":"https:\/\/www.studiogera.de\/001\/wp-json\/wp\/v2\/users\/2"}],"replies":[{"embeddable":true,"href":"https:\/\/www.studiogera.de\/001\/wp-json\/wp\/v2\/comments?post=14497"}],"version-history":[{"count":2,"href":"https:\/\/www.studiogera.de\/001\/wp-json\/wp\/v2\/posts\/14497\/revisions"}],"predecessor-version":[{"id":14500,"href":"https:\/\/www.studiogera.de\/001\/wp-json\/wp\/v2\/posts\/14497\/revisions\/14500"}],"wp:featuredmedia":[{"embeddable":true,"href":"https:\/\/www.studiogera.de\/001\/wp-json\/wp\/v2\/media\/14498"}],"wp:attachment":[{"href":"https:\/\/www.studiogera.de\/001\/wp-json\/wp\/v2\/media?parent=14497"}],"wp:term":[{"taxonomy":"category","embeddable":true,"href":"https:\/\/www.studiogera.de\/001\/wp-json\/wp\/v2\/categories?post=14497"},{"taxonomy":"post_tag","embeddable":true,"href":"https:\/\/www.studiogera.de\/001\/wp-json\/wp\/v2\/tags?post=14497"}],"curies":[{"name":"wp","href":"https:\/\/api.w.org\/{rel}","templated":true}]}}