{"id":14502,"date":"2021-03-19T19:10:19","date_gmt":"2021-03-19T18:10:19","guid":{"rendered":"http:\/\/www.studiogera.de\/001\/?p=14502"},"modified":"2021-03-19T19:10:20","modified_gmt":"2021-03-19T18:10:20","slug":"weitere-meldungen-aus-gera-10","status":"publish","type":"post","link":"https:\/\/www.studiogera.de\/001\/2021\/03\/19\/weitere-meldungen-aus-gera-10\/","title":{"rendered":"WEITERE MELDUNGEN AUS GERA"},"content":{"rendered":"\n<p>F\u00fcr erforderliche Stra\u00dfenbauarbeiten wird ab Montag, den 22. M\u00e4rz 2021, die Burgstra\u00dfe nach der Einfahrt zum Innenhof der GWB \u201eElstertal\u201c bis zur Kreuzung Florian-Geyer Stra\u00dfe auch f\u00fcr den Fu\u00dfg\u00e4ngerverkehr gesperrt. Die Hauseing\u00e4nge des Geb\u00e4udes Burgstra\u00dfe 1-3 sind \u00fcber den Innenhof zu erreichen. Fu\u00dfg\u00e4nger erreichen das Geb\u00e4ude Burgstra\u00dfe 5 zun\u00e4chst aus Richtung Stadtzentrum. Im weiteren Baufortschritt, erfolgt ein Wechsel der fu\u00dfl\u00e4ufigen Andienung aus Richtung Johannisplatz. Die Sperrung ist voraussichtlich bis zum 31. Juli 2021 wirksam.<\/p>\n\n\n\n<p>Die Konzertlesung &#8222;Sagte mal ein Dichter: eine Hommage an Holger Biege&#8220; mit Wolfgang Martin und Manuel Schmid wird vom 27. M\u00e4rz 2021 auf den 19. Juni 2021 verschoben. Ebenfalls verlegt werden muss die Lesung &#8222;Geschichten vom Kaff der guten Hoffnung&#8220; mit M. Kruppe. Diese Veranstaltung findet am 9. September 2021. statt. Bereits erworbene Eintrittskarten k\u00f6nnen zur\u00fcckgegeben oder getauscht werden, sobald die Bibliothek wieder ge\u00f6ffnet hat.<\/p>\n\n\n\n<p>Das Th\u00fcringer Ministerium f\u00fcr Arbeit, Soziales, Gesundheit, Frauen und Familie erteilte die Weisung, dass bei \u00dcberschreitung des Sieben-Tage-Wertes von 200 der Pr\u00e4senzbetrieb in staatlichen allgemeinbildenden und berufsbildenden Schulen einschlie\u00dflich der Schulhorte und Internate einzustellen ist. Die Stadt Gera ist daher gezwungen, eine Allgemeinverf\u00fcgung, die eine Einstellung des Pr\u00e4senzbetriebs von Schulen vorsieht, zu planen. Eine entg\u00fcltige Entscheidung f\u00e4llt am Montag nach der Ministerpr\u00e4sidentenkonferenz. Die Kinderg\u00e4rten sollen vorerst ge\u00f6ffnet bleiben. Sollten Schulen geschlossen werden, gilt dies nicht f\u00fcr die Unterrichtung von Sch\u00fclern mit besonderem Unterst\u00fctzungsbedarf, f\u00fcr Sch\u00fcler der Abschlussklassen und Sch\u00fcler, die im laufenden Schuljahr eine Abschlusspr\u00fcfung ablegen.<\/p>\n\n\n\n<p>Das RKI gab am 19. M\u00e4rz 2021 folgende Corona-Daten bekannt:<\/p>\n\n\n\n<ul class=\"wp-block-list\"><li>Landkreis Greiz, Sieben-Tage-Wert 533,9<\/li><li>Stadtkreis Gera, Sieben-Tage-Wert 228,7<\/li><\/ul>\n\n\n\n<p>Noch bis Ende M\u00e4rz haben alle B\u00fcrger die M\u00f6glichkeit, an der Umfrage zum Thema Smartcity auf \u201ehttps:\/\/unser.gera.de\u201c teilzunehmen. Der kurze Fragebogen besch\u00e4ftigt sich mit der Frage \u201eWelche Rolle spielt Technik in Ihrem Leben?\u201c und widmet sich au\u00dferdem den Schwerpunkten \u201eDie intelligente Stadt \u2014 Smartcity Gera\u201c sowie \u201eB\u00fcrgerbeteiligung &amp; Verwaltung\u201c.<\/p>\n\n\n\n<p>Die Ehrenamtszentrale der Stadt Gera ist weiterhin Kooperationspartner des th\u00fcringenweiten Netzwerkes \u201eNebenan angekommen\u201c zur St\u00e4rkung der Willkommenskultur. Auch in diesem Jahr kann wieder finanzielle Unterst\u00fctzung beantragt werden.<\/p>\n","protected":false},"excerpt":{"rendered":"<div class=\"mh-excerpt\"><p>F\u00fcr erforderliche Stra\u00dfenbauarbeiten wird ab Montag, den 22. M\u00e4rz 2021, die Burgstra\u00dfe nach der Einfahrt zum Innenhof der GWB \u201eElstertal\u201c bis zur Kreuzung Florian-Geyer Stra\u00dfe auch f\u00fcr den Fu\u00dfg\u00e4ngerverkehr gesperrt. Die Hauseing\u00e4nge des Geb\u00e4udes Burgstra\u00dfe <a class=\"mh-excerpt-more\" href=\"https:\/\/www.studiogera.de\/001\/2021\/03\/19\/weitere-meldungen-aus-gera-10\/\" title=\"WEITERE MELDUNGEN AUS GERA\">[&#8230;]<\/a><\/p>\n<\/div>","protected":false},"author":2,"featured_media":14503,"comment_status":"open","ping_status":"open","sticky":false,"template":"","format":"standard","meta":{"footnotes":""},"categories":[16],"tags":[],"class_list":{"0":"post-14502","1":"post","2":"type-post","3":"status-publish","4":"format-standard","5":"has-post-thumbnail","7":"category-kurzmitteilungen"},"_links":{"self":[{"href":"https:\/\/www.studiogera.de\/001\/wp-json\/wp\/v2\/posts\/14502","targetHints":{"allow":["GET"]}}],"collection":[{"href":"https:\/\/www.studiogera.de\/001\/wp-json\/wp\/v2\/posts"}],"about":[{"href":"https:\/\/www.studiogera.de\/001\/wp-json\/wp\/v2\/types\/post"}],"author":[{"embeddable":true,"href":"https:\/\/www.studiogera.de\/001\/wp-json\/wp\/v2\/users\/2"}],"replies":[{"embeddable":true,"href":"https:\/\/www.studiogera.de\/001\/wp-json\/wp\/v2\/comments?post=14502"}],"version-history":[{"count":1,"href":"https:\/\/www.studiogera.de\/001\/wp-json\/wp\/v2\/posts\/14502\/revisions"}],"predecessor-version":[{"id":14504,"href":"https:\/\/www.studiogera.de\/001\/wp-json\/wp\/v2\/posts\/14502\/revisions\/14504"}],"wp:featuredmedia":[{"embeddable":true,"href":"https:\/\/www.studiogera.de\/001\/wp-json\/wp\/v2\/media\/14503"}],"wp:attachment":[{"href":"https:\/\/www.studiogera.de\/001\/wp-json\/wp\/v2\/media?parent=14502"}],"wp:term":[{"taxonomy":"category","embeddable":true,"href":"https:\/\/www.studiogera.de\/001\/wp-json\/wp\/v2\/categories?post=14502"},{"taxonomy":"post_tag","embeddable":true,"href":"https:\/\/www.studiogera.de\/001\/wp-json\/wp\/v2\/tags?post=14502"}],"curies":[{"name":"wp","href":"https:\/\/api.w.org\/{rel}","templated":true}]}}