{"id":14512,"date":"2021-03-21T12:35:07","date_gmt":"2021-03-21T11:35:07","guid":{"rendered":"http:\/\/www.studiogera.de\/001\/?p=14512"},"modified":"2021-03-21T12:35:08","modified_gmt":"2021-03-21T11:35:08","slug":"187-fahrzeuge-beteiligen-sich-an-autokorso","status":"publish","type":"post","link":"https:\/\/www.studiogera.de\/001\/2021\/03\/21\/187-fahrzeuge-beteiligen-sich-an-autokorso\/","title":{"rendered":"187 FAHRZEUGE BETEILIGEN SICH AN AUTOKORSO"},"content":{"rendered":"\n<p>Ein Autokorso, bestehd aus 187 Fahrzeugen, bewegte sich am Samstag ab 15.30 Uhr durch Gera. Auf diese Weise wurde laut dem Anmelder Andreas Thom\u00e4 gegen die Unverh\u00e4ltnism\u00e4\u00dfigkeit der Corona-Ma\u00dfnahmen demonstriert. \u00dcber eine Radiofrequenz waren Redebeitr\u00e4ge zu h\u00f6ren. Die Teilnehmer kamen aus Gera und der Region. Die Polizei sicherte die Veranstaltung ab und regelte den Verkehr manuell. Die Lichtsignalanlagen waren f\u00fcr die Dauer der Veranstaltung abgeschaltet. Zu St\u00f6rungen kam es nicht.<\/p>\n","protected":false},"excerpt":{"rendered":"<div class=\"mh-excerpt\"><p>Ein Autokorso, bestehd aus 187 Fahrzeugen, bewegte sich am Samstag ab 15.30 Uhr durch Gera. Auf diese Weise wurde laut dem Anmelder Andreas Thom\u00e4 gegen die Unverh\u00e4ltnism\u00e4\u00dfigkeit der Corona-Ma\u00dfnahmen demonstriert. \u00dcber eine Radiofrequenz waren Redebeitr\u00e4ge <a class=\"mh-excerpt-more\" href=\"https:\/\/www.studiogera.de\/001\/2021\/03\/21\/187-fahrzeuge-beteiligen-sich-an-autokorso\/\" title=\"187 FAHRZEUGE BETEILIGEN SICH AN AUTOKORSO\">[&#8230;]<\/a><\/p>\n<\/div>","protected":false},"author":3,"featured_media":13634,"comment_status":"open","ping_status":"open","sticky":false,"template":"","format":"standard","meta":{"footnotes":""},"categories":[16],"tags":[],"class_list":{"0":"post-14512","1":"post","2":"type-post","3":"status-publish","4":"format-standard","5":"has-post-thumbnail","7":"category-kurzmitteilungen"},"_links":{"self":[{"href":"https:\/\/www.studiogera.de\/001\/wp-json\/wp\/v2\/posts\/14512","targetHints":{"allow":["GET"]}}],"collection":[{"href":"https:\/\/www.studiogera.de\/001\/wp-json\/wp\/v2\/posts"}],"about":[{"href":"https:\/\/www.studiogera.de\/001\/wp-json\/wp\/v2\/types\/post"}],"author":[{"embeddable":true,"href":"https:\/\/www.studiogera.de\/001\/wp-json\/wp\/v2\/users\/3"}],"replies":[{"embeddable":true,"href":"https:\/\/www.studiogera.de\/001\/wp-json\/wp\/v2\/comments?post=14512"}],"version-history":[{"count":1,"href":"https:\/\/www.studiogera.de\/001\/wp-json\/wp\/v2\/posts\/14512\/revisions"}],"predecessor-version":[{"id":14513,"href":"https:\/\/www.studiogera.de\/001\/wp-json\/wp\/v2\/posts\/14512\/revisions\/14513"}],"wp:featuredmedia":[{"embeddable":true,"href":"https:\/\/www.studiogera.de\/001\/wp-json\/wp\/v2\/media\/13634"}],"wp:attachment":[{"href":"https:\/\/www.studiogera.de\/001\/wp-json\/wp\/v2\/media?parent=14512"}],"wp:term":[{"taxonomy":"category","embeddable":true,"href":"https:\/\/www.studiogera.de\/001\/wp-json\/wp\/v2\/categories?post=14512"},{"taxonomy":"post_tag","embeddable":true,"href":"https:\/\/www.studiogera.de\/001\/wp-json\/wp\/v2\/tags?post=14512"}],"curies":[{"name":"wp","href":"https:\/\/api.w.org\/{rel}","templated":true}]}}