{"id":14525,"date":"2021-03-22T11:48:37","date_gmt":"2021-03-22T10:48:37","guid":{"rendered":"http:\/\/www.studiogera.de\/001\/?p=14525"},"modified":"2021-03-22T11:48:39","modified_gmt":"2021-03-22T10:48:39","slug":"deutlich-einschraenkende-massnahmen-im-gespraech","status":"publish","type":"post","link":"https:\/\/www.studiogera.de\/001\/2021\/03\/22\/deutlich-einschraenkende-massnahmen-im-gespraech\/","title":{"rendered":"DEUTLICH EINSCHR\u00c4NKENDE MASSNAHMEN IM GESPR\u00c4CH"},"content":{"rendered":"\n<p>Das RKI meldet f\u00fcr Gera eine sogenannte Sieben-Tage-Inzidenz von 306, den Landkreis Greiz 571,9 und f\u00fcr ganz Deutschland 107,3. Bund und L\u00e4nder werden heute ab 14 Uhr in einer Schaltkonferenz \u00fcber die Fortf\u00fchrung der Ma\u00dfnahmen und Beschr\u00e4nkungen sprechen. In der Beschlussvorlage des Kanzleramtes hei\u00dft es laut den heutigen Berichten, ohne \u201edeutlich einschr\u00e4nkende Ma\u00dfnahmen\u201c drohe bereits im April eine \u00dcberlastung des Gesundheitswesens. Unter anderem soll \u00fcber n\u00e4chtliche Ausgangsbeschr\u00e4nkungen diskutiert werden. Der Endtermin wird auf den 18. April 2021 verschoben.<\/p>\n","protected":false},"excerpt":{"rendered":"<div class=\"mh-excerpt\"><p>Das RKI meldet f\u00fcr Gera eine sogenannte Sieben-Tage-Inzidenz von 306, den Landkreis Greiz 571,9 und f\u00fcr ganz Deutschland 107,3. Bund und L\u00e4nder werden heute ab 14 Uhr in einer Schaltkonferenz \u00fcber die Fortf\u00fchrung der Ma\u00dfnahmen <a class=\"mh-excerpt-more\" href=\"https:\/\/www.studiogera.de\/001\/2021\/03\/22\/deutlich-einschraenkende-massnahmen-im-gespraech\/\" title=\"DEUTLICH EINSCHR\u00c4NKENDE MASSNAHMEN IM GESPR\u00c4CH\">[&#8230;]<\/a><\/p>\n<\/div>","protected":false},"author":3,"featured_media":10673,"comment_status":"open","ping_status":"open","sticky":false,"template":"","format":"standard","meta":{"footnotes":""},"categories":[16],"tags":[],"class_list":{"0":"post-14525","1":"post","2":"type-post","3":"status-publish","4":"format-standard","5":"has-post-thumbnail","7":"category-kurzmitteilungen"},"_links":{"self":[{"href":"https:\/\/www.studiogera.de\/001\/wp-json\/wp\/v2\/posts\/14525","targetHints":{"allow":["GET"]}}],"collection":[{"href":"https:\/\/www.studiogera.de\/001\/wp-json\/wp\/v2\/posts"}],"about":[{"href":"https:\/\/www.studiogera.de\/001\/wp-json\/wp\/v2\/types\/post"}],"author":[{"embeddable":true,"href":"https:\/\/www.studiogera.de\/001\/wp-json\/wp\/v2\/users\/3"}],"replies":[{"embeddable":true,"href":"https:\/\/www.studiogera.de\/001\/wp-json\/wp\/v2\/comments?post=14525"}],"version-history":[{"count":1,"href":"https:\/\/www.studiogera.de\/001\/wp-json\/wp\/v2\/posts\/14525\/revisions"}],"predecessor-version":[{"id":14526,"href":"https:\/\/www.studiogera.de\/001\/wp-json\/wp\/v2\/posts\/14525\/revisions\/14526"}],"wp:featuredmedia":[{"embeddable":true,"href":"https:\/\/www.studiogera.de\/001\/wp-json\/wp\/v2\/media\/10673"}],"wp:attachment":[{"href":"https:\/\/www.studiogera.de\/001\/wp-json\/wp\/v2\/media?parent=14525"}],"wp:term":[{"taxonomy":"category","embeddable":true,"href":"https:\/\/www.studiogera.de\/001\/wp-json\/wp\/v2\/categories?post=14525"},{"taxonomy":"post_tag","embeddable":true,"href":"https:\/\/www.studiogera.de\/001\/wp-json\/wp\/v2\/tags?post=14525"}],"curies":[{"name":"wp","href":"https:\/\/api.w.org\/{rel}","templated":true}]}}