{"id":14534,"date":"2021-03-23T10:14:11","date_gmt":"2021-03-23T09:14:11","guid":{"rendered":"http:\/\/www.studiogera.de\/001\/?p=14534"},"modified":"2021-03-23T10:14:12","modified_gmt":"2021-03-23T09:14:12","slug":"allgemeinverfuegung-zur-schliessung-von-schulen","status":"publish","type":"post","link":"https:\/\/www.studiogera.de\/001\/2021\/03\/23\/allgemeinverfuegung-zur-schliessung-von-schulen\/","title":{"rendered":"ALLGEMEINVERF\u00dcGUNG ZUR SCHLIESSUNG VON SCHULEN"},"content":{"rendered":"\n<p>Bezugnehmend auf die derzeitige Corona-Situation erl\u00e4sst die Stadt Gera eine Allgemeinverf\u00fcgung zum Vollzug des Gesetzes zur Verh\u00fctung und Bek\u00e4mpfung von Infektionskrankheiten beim Menschen in Verbindung mit der gegenw\u00e4rtigen geltenden Th\u00fcringer Verordnung \u00fcber grundlegende Infektionsschutzregeln zur Eind\u00e4mmung der Ausbreitung des Coronavirus SARS-CoV-2. Diese tritt mit Wirkung zum 24. M\u00e4rz 2021 in Kraft und gilt vorerst bis einschlie\u00dflich 11. April 2021.<\/p>\n\n\n\n<p>Ab Mittwoch, den 24. M\u00e4rz 2021, sind in der Stadt Gera alle staatlichen allgemeinbildenden und berufsbildenden Schulen einschlie\u00dflich der Schulhorte und Internate, sowie die Schulen in freier Tr\u00e4gerschaft f\u00fcr den Pr\u00e4senzbetrieb zu schlie\u00dfen. Dies gilt nicht f\u00fcr den Unterricht f\u00fcr Sch\u00fcler mit besonderem Unterst\u00fctzungsbedarf, f\u00fcr Sch\u00fcler der Abschlussklassen und f\u00fcr Sch\u00fcler, die im laufenden Schuljahr eine Abschlusspr\u00fcfung ablegen. F\u00fcr Sch\u00fcler bis zur Klassenstufe 6 wird eine Notbetreuung angeboten. Bez\u00fcglich der Regelungen zur Notbetreuung gibt die jeweilige Schule Auskunft.<\/p>\n\n\n\n<p>Mit der Allgemeinverf\u00fcgung reagiert die Stadtverwaltung auf die hohen Corona-Zahlen in Gera, und kommt zugleich der Aufforderung der Landesregierung nach, Schulen geschlossen zu halten, wenn der Sieben-Tage-Wert pro 100&#8217;000 Einwohner im Landkreis oder in der kreisfreien Stadt bei 200 oder dar\u00fcber liegt.<\/p>\n\n\n\n<p>Der Sieben-Tage-Wert in der Stadt Gera ist seit Anfang M\u00e4rz sprunghaft gestiegen. Bereits am 9. M\u00e4rz wurde der Risikowert von 100 neuen testpositiven Personen pro 100&#8217;000 Einwohner \u00fcberschritten. Am 19. M\u00e4rz stieg der Wert auf \u00fcber 200, zum Wochenbeginn, am 22. M\u00e4rz, auf \u00fcber 300 F\u00e4lle pro 100&#8217;000 Einwohner. Schulen und Kindereinrichtungen sind dabei ma\u00dfgeblich am Anstieg beteiligt. Mit Stand 22. M\u00e4rz gab es testpositive Personen an acht Geraer Schulen und f\u00fcnf Kindereinrichtungen. Auch dadurch befinden sich insgesamt \u00fcber 1000 B\u00fcrger in Quarant\u00e4ne.<\/p>\n\n\n\n<p>Vorerst sind Geraer Kindereinrichtungen noch ge\u00f6ffnet; die Schlie\u00dfung erfolgt per Allgemeinverf\u00fcgung ab 29. M\u00e4rz. Man hofft darauf, dass durch die in Th\u00fcringen an diesem Tag beginnenden Osterferien Eltern die Schlie\u00dfung mit Urlaub besser \u00fcberbr\u00fccken k\u00f6nnen. Eine Notbetreuung soll auch in Kindertagesst\u00e4tten angeboten werden.<\/p>\n\n\n\n<p>\u201eIch wei\u00df, dass viele Eltern durch den vorausgegangenen Lockdown und die anhaltenden Einschr\u00e4nkungen schon lange an ihre Belastungsgrenzen gekommen sind. Auch Kinder und Jugendliche leiden darunter, dauerhaft auf das Zusammensein mit Gleichaltrigen verzichten zu m\u00fcssen, brauchen den schulischen Austausch bei der Erarbeitung von Lerninhalten. Dies gilt auch f\u00fcr meine eigenen Kinder. Die erneute Schlie\u00dfung der Schulen ist ein Schritt zur\u00fcck, der nicht leicht gefallen ist, aber notwendig wurde. Um zu dringend n\u00f6tigen \u00d6ffnungsschritten zu kommen, ist eine weniger hohe Inzidenz erforderlich, genauso wie die Umsetzung einer stringenten Teststrategie durch das Land, und dies nicht nur an den Schulen.\u201c, so Oberb\u00fcrgermeister Julian Vonarb.<\/p>\n\n\n\n<p>Die Allgemeinverf\u00fcgung wird in einem Sonderamtsblatt ver\u00f6ffentlicht und ist zudem nachzulesen unter \u201ewww.corona.gera.de\u201c.<\/p>\n\n\n\n<p>QUELLE: STADTVERWALTUNG<\/p>\n","protected":false},"excerpt":{"rendered":"<div class=\"mh-excerpt\"><p>Bezugnehmend auf die derzeitige Corona-Situation erl\u00e4sst die Stadt Gera eine Allgemeinverf\u00fcgung zum Vollzug des Gesetzes zur Verh\u00fctung und Bek\u00e4mpfung von Infektionskrankheiten beim Menschen in Verbindung mit der gegenw\u00e4rtigen geltenden Th\u00fcringer Verordnung \u00fcber grundlegende Infektionsschutzregeln zur <a class=\"mh-excerpt-more\" href=\"https:\/\/www.studiogera.de\/001\/2021\/03\/23\/allgemeinverfuegung-zur-schliessung-von-schulen\/\" title=\"ALLGEMEINVERF\u00dcGUNG ZUR SCHLIESSUNG VON SCHULEN\">[&#8230;]<\/a><\/p>\n<\/div>","protected":false},"author":2,"featured_media":11801,"comment_status":"open","ping_status":"open","sticky":false,"template":"","format":"standard","meta":{"footnotes":""},"categories":[3],"tags":[],"class_list":{"0":"post-14534","1":"post","2":"type-post","3":"status-publish","4":"format-standard","5":"has-post-thumbnail","7":"category-lokal"},"_links":{"self":[{"href":"https:\/\/www.studiogera.de\/001\/wp-json\/wp\/v2\/posts\/14534","targetHints":{"allow":["GET"]}}],"collection":[{"href":"https:\/\/www.studiogera.de\/001\/wp-json\/wp\/v2\/posts"}],"about":[{"href":"https:\/\/www.studiogera.de\/001\/wp-json\/wp\/v2\/types\/post"}],"author":[{"embeddable":true,"href":"https:\/\/www.studiogera.de\/001\/wp-json\/wp\/v2\/users\/2"}],"replies":[{"embeddable":true,"href":"https:\/\/www.studiogera.de\/001\/wp-json\/wp\/v2\/comments?post=14534"}],"version-history":[{"count":1,"href":"https:\/\/www.studiogera.de\/001\/wp-json\/wp\/v2\/posts\/14534\/revisions"}],"predecessor-version":[{"id":14535,"href":"https:\/\/www.studiogera.de\/001\/wp-json\/wp\/v2\/posts\/14534\/revisions\/14535"}],"wp:featuredmedia":[{"embeddable":true,"href":"https:\/\/www.studiogera.de\/001\/wp-json\/wp\/v2\/media\/11801"}],"wp:attachment":[{"href":"https:\/\/www.studiogera.de\/001\/wp-json\/wp\/v2\/media?parent=14534"}],"wp:term":[{"taxonomy":"category","embeddable":true,"href":"https:\/\/www.studiogera.de\/001\/wp-json\/wp\/v2\/categories?post=14534"},{"taxonomy":"post_tag","embeddable":true,"href":"https:\/\/www.studiogera.de\/001\/wp-json\/wp\/v2\/tags?post=14534"}],"curies":[{"name":"wp","href":"https:\/\/api.w.org\/{rel}","templated":true}]}}