{"id":14538,"date":"2021-03-24T11:23:55","date_gmt":"2021-03-24T10:23:55","guid":{"rendered":"http:\/\/www.studiogera.de\/001\/?p=14538"},"modified":"2021-03-24T11:23:56","modified_gmt":"2021-03-24T10:23:56","slug":"absage-der-stadtratssitzung-und-schliessung-der-fuehrerscheinstelle","status":"publish","type":"post","link":"https:\/\/www.studiogera.de\/001\/2021\/03\/24\/absage-der-stadtratssitzung-und-schliessung-der-fuehrerscheinstelle\/","title":{"rendered":"ABSAGE DER STADTRATSSITZUNG UND SCHLIESSUNG DER F\u00dcHRERSCHEINSTELLE"},"content":{"rendered":"\n<p>Die heutige Sitzung des Geraer Stadtrats wurde aufgrund der hohen Corona-Zahlen kurzfristig abgesagt. Das RKI meldete am 24. M\u00e4rz f\u00fcr Gera einen Sieben-Tage-Wert von 320.<\/p>\n\n\n\n<p>Die F\u00fchrerscheinstelle der Stadt Gera wird am 26. M\u00e4rz 2021 kurzfristig geschlossen. Am Montag wird der Betrieb voraussichtlich wieder regul\u00e4r ab 9 Uhr aufgenommen.<\/p>\n","protected":false},"excerpt":{"rendered":"<div class=\"mh-excerpt\"><p>Die heutige Sitzung des Geraer Stadtrats wurde aufgrund der hohen Corona-Zahlen kurzfristig abgesagt. Das RKI meldete am 24. M\u00e4rz f\u00fcr Gera einen Sieben-Tage-Wert von 320. Die F\u00fchrerscheinstelle der Stadt Gera wird am 26. M\u00e4rz 2021 <a class=\"mh-excerpt-more\" href=\"https:\/\/www.studiogera.de\/001\/2021\/03\/24\/absage-der-stadtratssitzung-und-schliessung-der-fuehrerscheinstelle\/\" title=\"ABSAGE DER STADTRATSSITZUNG UND SCHLIESSUNG DER F\u00dcHRERSCHEINSTELLE\">[&#8230;]<\/a><\/p>\n<\/div>","protected":false},"author":2,"featured_media":10306,"comment_status":"open","ping_status":"open","sticky":false,"template":"","format":"standard","meta":{"footnotes":""},"categories":[16],"tags":[],"class_list":{"0":"post-14538","1":"post","2":"type-post","3":"status-publish","4":"format-standard","5":"has-post-thumbnail","7":"category-kurzmitteilungen"},"_links":{"self":[{"href":"https:\/\/www.studiogera.de\/001\/wp-json\/wp\/v2\/posts\/14538","targetHints":{"allow":["GET"]}}],"collection":[{"href":"https:\/\/www.studiogera.de\/001\/wp-json\/wp\/v2\/posts"}],"about":[{"href":"https:\/\/www.studiogera.de\/001\/wp-json\/wp\/v2\/types\/post"}],"author":[{"embeddable":true,"href":"https:\/\/www.studiogera.de\/001\/wp-json\/wp\/v2\/users\/2"}],"replies":[{"embeddable":true,"href":"https:\/\/www.studiogera.de\/001\/wp-json\/wp\/v2\/comments?post=14538"}],"version-history":[{"count":1,"href":"https:\/\/www.studiogera.de\/001\/wp-json\/wp\/v2\/posts\/14538\/revisions"}],"predecessor-version":[{"id":14539,"href":"https:\/\/www.studiogera.de\/001\/wp-json\/wp\/v2\/posts\/14538\/revisions\/14539"}],"wp:featuredmedia":[{"embeddable":true,"href":"https:\/\/www.studiogera.de\/001\/wp-json\/wp\/v2\/media\/10306"}],"wp:attachment":[{"href":"https:\/\/www.studiogera.de\/001\/wp-json\/wp\/v2\/media?parent=14538"}],"wp:term":[{"taxonomy":"category","embeddable":true,"href":"https:\/\/www.studiogera.de\/001\/wp-json\/wp\/v2\/categories?post=14538"},{"taxonomy":"post_tag","embeddable":true,"href":"https:\/\/www.studiogera.de\/001\/wp-json\/wp\/v2\/tags?post=14538"}],"curies":[{"name":"wp","href":"https:\/\/api.w.org\/{rel}","templated":true}]}}