{"id":14540,"date":"2021-03-25T11:40:17","date_gmt":"2021-03-25T10:40:17","guid":{"rendered":"http:\/\/www.studiogera.de\/001\/?p=14540"},"modified":"2021-03-25T11:40:18","modified_gmt":"2021-03-25T10:40:18","slug":"antraege-fuer-zweite-foerderrunde-von-demokratie-leben","status":"publish","type":"post","link":"https:\/\/www.studiogera.de\/001\/2021\/03\/25\/antraege-fuer-zweite-foerderrunde-von-demokratie-leben\/","title":{"rendered":"ANTR\u00c4GE F\u00dcR ZWEITE F\u00d6RDERRUNDE VON \u201eDEMOKRATIE LEBEN\u201c"},"content":{"rendered":"\n<p>Noch bis zum 31. M\u00e4rz 2021 k\u00f6nnen interessierte Vereine oder Verb\u00e4nde ihre Projekteantr\u00e4ge f\u00fcr die zweite Runde zur F\u00f6rderung der Demokratie in Gera einreichen. Das neue Antragsformular zur Durchf\u00fchrung eines Einzelprojektes kann auf der Internetseite der Partnerschaft f\u00fcr Demokratie in Gera (PfD) unter \u201ewww.demokratie-leben-gera.de\u201c heruntergeladen werden. Dort finden Interessierte auch den \u201eFinanzplan\u201c, die \u201eDatenschutzerkl\u00e4rung\u201c sowie das Formular \u201eHinweise zur Umsetzung und Kontoverbindung\u201c. All diese Formbl\u00e4tter und der Nachweis der Gemeinn\u00fctzigkeit sind f\u00fcr einen erfolgreichen Projektantrag auszuf\u00fcllen und einzureichen.<\/p>\n\n\n\n<p>Der digital ausgef\u00fcllte Antrag sowie alle dazugeh\u00f6rigen Formbl\u00e4tter m\u00fcssen vorab an \u201eehrenamtszentrale@gera.de\u201c oder \u201e<a href=\"mailto:info@demokratie-leben-gera.de\">info@demokratie-leben-gera.de<\/a>\u201c gesendet werden.<\/p>\n\n\n\n<p>Nach dem digitalen Versand m\u00fcssen der Antrag und die Formbl\u00e4tter ausgedruckt und unterschrieben werden. Um Versand an folgende Postadresse wird gebeten: &nbsp;<\/p>\n\n\n\n<p><strong>Stadtverwaltung Gera, Abteilung Sport, Ehrenamt und St\u00e4dtepartnerschaften<\/strong><\/p>\n\n\n\n<p><strong>Ehrenamtszentrale der Stadt Gera<br>Interne Koordinierungsstelle Bundesprogramm \u201eDemokratie leben!\u201c<\/strong><\/p>\n\n\n\n<p><strong>z. Hd. Ren\u00e9 Soboll<br>Kornmarkt 7, 07545 Gera<\/strong><\/p>\n\n\n\n<p>Die eingereichten Antr\u00e4ge werden dann Mitte April 2021 durch den Begleitausschuss der Partnerschaft f\u00fcr Demokratie beraten und entschieden.<\/p>\n\n\n\n<p>F\u00fcr Projektberatungen, ggf. weitere Fragen und Unterst\u00fctzung bei der Antragserstellung steht die externe Koordinierungsstelle Gedenkst\u00e4tte Amthordurchgang unter der Adresse \u201einfo@demokratie-leben-gera.de\u201c oder telefonisch unter der Rufnummer 0365 5527630 zur Verf\u00fcgung.<\/p>\n","protected":false},"excerpt":{"rendered":"<div class=\"mh-excerpt\"><p>Noch bis zum 31. M\u00e4rz 2021 k\u00f6nnen interessierte Vereine oder Verb\u00e4nde ihre Projekteantr\u00e4ge f\u00fcr die zweite Runde zur F\u00f6rderung der Demokratie in Gera einreichen. Das neue Antragsformular zur Durchf\u00fchrung eines Einzelprojektes kann auf der Internetseite <a class=\"mh-excerpt-more\" href=\"https:\/\/www.studiogera.de\/001\/2021\/03\/25\/antraege-fuer-zweite-foerderrunde-von-demokratie-leben\/\" title=\"ANTR\u00c4GE F\u00dcR ZWEITE F\u00d6RDERRUNDE VON \u201eDEMOKRATIE LEBEN\u201c\">[&#8230;]<\/a><\/p>\n<\/div>","protected":false},"author":2,"featured_media":14208,"comment_status":"open","ping_status":"open","sticky":false,"template":"","format":"standard","meta":{"footnotes":""},"categories":[16],"tags":[],"class_list":{"0":"post-14540","1":"post","2":"type-post","3":"status-publish","4":"format-standard","5":"has-post-thumbnail","7":"category-kurzmitteilungen"},"_links":{"self":[{"href":"https:\/\/www.studiogera.de\/001\/wp-json\/wp\/v2\/posts\/14540","targetHints":{"allow":["GET"]}}],"collection":[{"href":"https:\/\/www.studiogera.de\/001\/wp-json\/wp\/v2\/posts"}],"about":[{"href":"https:\/\/www.studiogera.de\/001\/wp-json\/wp\/v2\/types\/post"}],"author":[{"embeddable":true,"href":"https:\/\/www.studiogera.de\/001\/wp-json\/wp\/v2\/users\/2"}],"replies":[{"embeddable":true,"href":"https:\/\/www.studiogera.de\/001\/wp-json\/wp\/v2\/comments?post=14540"}],"version-history":[{"count":1,"href":"https:\/\/www.studiogera.de\/001\/wp-json\/wp\/v2\/posts\/14540\/revisions"}],"predecessor-version":[{"id":14541,"href":"https:\/\/www.studiogera.de\/001\/wp-json\/wp\/v2\/posts\/14540\/revisions\/14541"}],"wp:featuredmedia":[{"embeddable":true,"href":"https:\/\/www.studiogera.de\/001\/wp-json\/wp\/v2\/media\/14208"}],"wp:attachment":[{"href":"https:\/\/www.studiogera.de\/001\/wp-json\/wp\/v2\/media?parent=14540"}],"wp:term":[{"taxonomy":"category","embeddable":true,"href":"https:\/\/www.studiogera.de\/001\/wp-json\/wp\/v2\/categories?post=14540"},{"taxonomy":"post_tag","embeddable":true,"href":"https:\/\/www.studiogera.de\/001\/wp-json\/wp\/v2\/tags?post=14540"}],"curies":[{"name":"wp","href":"https:\/\/api.w.org\/{rel}","templated":true}]}}