{"id":14555,"date":"2021-03-26T11:16:56","date_gmt":"2021-03-26T10:16:56","guid":{"rendered":"http:\/\/www.studiogera.de\/001\/?p=14555"},"modified":"2021-03-26T11:59:42","modified_gmt":"2021-03-26T10:59:42","slug":"bereitstellung-von-wasser-auf-den-friedhoefen","status":"publish","type":"post","link":"https:\/\/www.studiogera.de\/001\/2021\/03\/26\/bereitstellung-von-wasser-auf-den-friedhoefen\/","title":{"rendered":"BEREITSTELLUNG VON WASSER AUF DEN FRIEDH\u00d6FEN"},"content":{"rendered":"\n<p>Unter Beachtung der Witterungsverh\u00e4ltnisse wird voraussichtlich am Freitag, den 26. M\u00e4rz 2021, das Wasser auf allen kommunalen Friedh\u00f6fen wieder angestellt.<\/p>\n","protected":false},"excerpt":{"rendered":"<div class=\"mh-excerpt\"><p>Unter Beachtung der Witterungsverh\u00e4ltnisse wird voraussichtlich am Freitag, den 26. M\u00e4rz 2021, das Wasser auf allen kommunalen Friedh\u00f6fen wieder angestellt.<\/p>\n<\/div>","protected":false},"author":2,"featured_media":14556,"comment_status":"open","ping_status":"open","sticky":false,"template":"","format":"standard","meta":{"footnotes":""},"categories":[16],"tags":[],"class_list":{"0":"post-14555","1":"post","2":"type-post","3":"status-publish","4":"format-standard","5":"has-post-thumbnail","7":"category-kurzmitteilungen"},"_links":{"self":[{"href":"https:\/\/www.studiogera.de\/001\/wp-json\/wp\/v2\/posts\/14555","targetHints":{"allow":["GET"]}}],"collection":[{"href":"https:\/\/www.studiogera.de\/001\/wp-json\/wp\/v2\/posts"}],"about":[{"href":"https:\/\/www.studiogera.de\/001\/wp-json\/wp\/v2\/types\/post"}],"author":[{"embeddable":true,"href":"https:\/\/www.studiogera.de\/001\/wp-json\/wp\/v2\/users\/2"}],"replies":[{"embeddable":true,"href":"https:\/\/www.studiogera.de\/001\/wp-json\/wp\/v2\/comments?post=14555"}],"version-history":[{"count":2,"href":"https:\/\/www.studiogera.de\/001\/wp-json\/wp\/v2\/posts\/14555\/revisions"}],"predecessor-version":[{"id":14568,"href":"https:\/\/www.studiogera.de\/001\/wp-json\/wp\/v2\/posts\/14555\/revisions\/14568"}],"wp:featuredmedia":[{"embeddable":true,"href":"https:\/\/www.studiogera.de\/001\/wp-json\/wp\/v2\/media\/14556"}],"wp:attachment":[{"href":"https:\/\/www.studiogera.de\/001\/wp-json\/wp\/v2\/media?parent=14555"}],"wp:term":[{"taxonomy":"category","embeddable":true,"href":"https:\/\/www.studiogera.de\/001\/wp-json\/wp\/v2\/categories?post=14555"},{"taxonomy":"post_tag","embeddable":true,"href":"https:\/\/www.studiogera.de\/001\/wp-json\/wp\/v2\/tags?post=14555"}],"curies":[{"name":"wp","href":"https:\/\/api.w.org\/{rel}","templated":true}]}}