{"id":14569,"date":"2021-03-27T01:01:12","date_gmt":"2021-03-27T00:01:12","guid":{"rendered":"http:\/\/www.studiogera.de\/001\/?p=14569"},"modified":"2021-03-27T01:01:14","modified_gmt":"2021-03-27T00:01:14","slug":"meldungen-der-stadtverwaltung-73","status":"publish","type":"post","link":"https:\/\/www.studiogera.de\/001\/2021\/03\/27\/meldungen-der-stadtverwaltung-73\/","title":{"rendered":"MELDUNGEN DER STADTVERWALTUNG"},"content":{"rendered":"\n<p>Die vom Freistaat Th\u00fcringen geplanten Corona-Verordnungen liegen dem Oberb\u00fcrgermeister im Entwurf vor. Das teilte er am 26. M\u00e4rz 2021 in seiner Video-Botschaft mit. Darin seien Szenarien enthalten, die auf mehr Lockerungen schlie\u00dfen lassen.<\/p>\n\n\n\n<p>Im Auftrag der Stadt Gera werden ab dem 29. M\u00e4rz 2021 bis einschlie\u00dflich 9. April 2021 die Randbereiche der Verbindungsstra\u00dfen zwischen den Ortslagen Rusitz\/Roben und Roben\/Steinbr\u00fccken saniert. Begonnen wird auf der Verbindungsstra\u00dfe zwischen Rusitz und Roben. Zur Durchf\u00fchrung der Arbeiten sind Vollsperrungen der Stra\u00dfen notwendig. Die ge\u00e4nderten Verkehrsf\u00fchrungen werden rechtzeitig durch die Baufirma vor Ort angek\u00fcndigt und entsprechend ausgeschildert. F\u00fcr die Ausf\u00fchrung der Sanierungsma\u00dfnahme ist die Firma Kutter HTS GmbH, Rositz\/OT Molbitz verantwortlich.<\/p>\n\n\n\n<p>Seit Mittwoch, den 17. M\u00e4rz 2021, kommt es auf der Stra\u00dfenbahnlinie 1 zwischen den Haltestellen \u201eOtto Dix\u201c und \u201eWintergarten\u201c in beiden Richtungen zu Einschr\u00e4nkungen, meldet der Geraer Verkehrsbetrieb. Aufgrund von Umbauarbeiten an den dynamischen Fahrgastinformationsanzeigen ist das Ein- und Aussteigen an einzelnen Haltestellen zwischen 8 Uhr und 15 Uhr nicht m\u00f6glich. Betroffen hiervon sind die Haltestellen \u201eOtto Dix\u201c, \u201ePuschkinplatz\/Bibliothek\u201c, \u201eSchmelzh\u00fcttenstra\u00dfe\u201c und \u201eErfurtstra\u00dfe\u201c. An der Haltestelle \u201eWintergarten\u201c wird auch w\u00e4hrend der Umbauarbeiten das Ein- und Aussteigen m\u00f6glich sein, jedoch sind auch hier Behinderungen m\u00f6glich. Die Arbeiten beginnen an der Haltestelle \u201eOtto Dix\u201c und dauern an jeder Haltestelle voraussichtlich drei Werktage. Fahrg\u00e4ste werden gebeten, die n\u00e4chstgelegene Haltestelle zum Ein- und Aussteigen zu benutzen. Weitere Informationen zum genauen Zeitplan erhalten Fahrg\u00e4ste \u00fcber Aufsteller an den Bahnsteigen.<\/p>\n\n\n\n<p>Wegen der Corona-Situation erfolgt die Beratung f\u00fcr Gera und Umgebung des \u201eSozialen Dienstes f\u00fcr h\u00f6rgesch\u00e4digte Menschen in Th\u00fcringen\u201c jetzt immer mittwochs in der Zeit von 10 Uhr bis 12 Uhr, und von 13 Uhr bis 16 Uhr telefonisch, per Fax oder \u00fcber das weltweite Datennetz.<\/p>\n\n\n\n<p>K\u00fcnstliche Intelligenz, Big Data und das Internet der Dinge erleichtern unseren Alltag. Doch was genau verbirgt sich dahinter? Wie funktioniert die Technik? Und wie k\u00f6nnen wir unsere Daten bewusst teilen und sch\u00fctzen? Antworten darauf gibt die kostenfreie Livestream-Veranstaltungsreihe \u201eStadt I Land I Datenfluss\u201c der Volkshochschulen. In den ersten drei Vortr\u00e4gen wird beleuchtet, wie die digitale Datenwelt unterschiedliche Bereiche unseres Lebens pr\u00e4gt und welche Chancen und Risiken sich daraus ergeben. Von zu Hause aus k\u00f6nnen Teilnehmende \u00fcber ein Online-Tool live Fragen zum Thema stellen und somit die anschlie\u00dfende Diskussion der Experten und Expertinnen direkt beeinflussen. Zu folgenden Themen k\u00f6nnen sich Interessierte bei der Volkshochschule Gera direkt anmelden und informieren: \u201eSind Algorithmen gerecht? K\u00fcnstliche Intelligenz zwischen Fortschritt und Fremdbestimmung\u201c (Dienstag, 13. April 2021); \u201eHabe ich Follower, von denen ich nichts wei\u00df? Der Einfluss von Big Data auf unseren Alltag\u201c (Mittwoch, 19. Mai 2021); \u201eK\u00f6nnen Apps Leben retten? Big Data und K\u00fcnstliche Intelligenz in der Gesundheitsversorgung\u201c (Dienstag, 8. Juni 2021); jeweils 19 Uhr bis 20.30 Uhr. Alle angemeldeten Teilnehmer erhalten vor der Veranstaltung einen Zugangslink per elektronischer Post.<\/p>\n","protected":false},"excerpt":{"rendered":"<div class=\"mh-excerpt\"><p>Die vom Freistaat Th\u00fcringen geplanten Corona-Verordnungen liegen dem Oberb\u00fcrgermeister im Entwurf vor. Das teilte er am 26. M\u00e4rz 2021 in seiner Video-Botschaft mit. Darin seien Szenarien enthalten, die auf mehr Lockerungen schlie\u00dfen lassen. Im Auftrag <a class=\"mh-excerpt-more\" href=\"https:\/\/www.studiogera.de\/001\/2021\/03\/27\/meldungen-der-stadtverwaltung-73\/\" title=\"MELDUNGEN DER STADTVERWALTUNG\">[&#8230;]<\/a><\/p>\n<\/div>","protected":false},"author":2,"featured_media":1224,"comment_status":"open","ping_status":"open","sticky":false,"template":"","format":"standard","meta":{"footnotes":""},"categories":[16],"tags":[],"class_list":{"0":"post-14569","1":"post","2":"type-post","3":"status-publish","4":"format-standard","5":"has-post-thumbnail","7":"category-kurzmitteilungen"},"_links":{"self":[{"href":"https:\/\/www.studiogera.de\/001\/wp-json\/wp\/v2\/posts\/14569","targetHints":{"allow":["GET"]}}],"collection":[{"href":"https:\/\/www.studiogera.de\/001\/wp-json\/wp\/v2\/posts"}],"about":[{"href":"https:\/\/www.studiogera.de\/001\/wp-json\/wp\/v2\/types\/post"}],"author":[{"embeddable":true,"href":"https:\/\/www.studiogera.de\/001\/wp-json\/wp\/v2\/users\/2"}],"replies":[{"embeddable":true,"href":"https:\/\/www.studiogera.de\/001\/wp-json\/wp\/v2\/comments?post=14569"}],"version-history":[{"count":1,"href":"https:\/\/www.studiogera.de\/001\/wp-json\/wp\/v2\/posts\/14569\/revisions"}],"predecessor-version":[{"id":14570,"href":"https:\/\/www.studiogera.de\/001\/wp-json\/wp\/v2\/posts\/14569\/revisions\/14570"}],"wp:featuredmedia":[{"embeddable":true,"href":"https:\/\/www.studiogera.de\/001\/wp-json\/wp\/v2\/media\/1224"}],"wp:attachment":[{"href":"https:\/\/www.studiogera.de\/001\/wp-json\/wp\/v2\/media?parent=14569"}],"wp:term":[{"taxonomy":"category","embeddable":true,"href":"https:\/\/www.studiogera.de\/001\/wp-json\/wp\/v2\/categories?post=14569"},{"taxonomy":"post_tag","embeddable":true,"href":"https:\/\/www.studiogera.de\/001\/wp-json\/wp\/v2\/tags?post=14569"}],"curies":[{"name":"wp","href":"https:\/\/api.w.org\/{rel}","templated":true}]}}